{"id":27272,"date":"2025-12-03T10:36:24","date_gmt":"2025-12-03T10:36:24","guid":{"rendered":"https:\/\/ilcentro.net\/?p=27272"},"modified":"2025-12-04T11:27:57","modified_gmt":"2025-12-04T11:27:57","slug":"santambrogio-la-storia-del-patrono-di-milano-e-leredita-che-ha-plasmato-la-citta","status":"publish","type":"post","link":"https:\/\/ilcentro.net\/it\/santambrogio-la-storia-del-patrono-di-milano-e-leredita-che-ha-plasmato-la-citta\/","title":{"rendered":"Sant\u2019Ambrogio: la storia del Patrono di Milano e l\u2019eredit\u00e0 che ha plasmato la citt\u00e0"},"content":{"rendered":"<div style=\"text-align: justify;\">\n<p style=\"font-size: 14px; color: #555; font-style: italic; margin-bottom: 20px;\">Crediti foto: <a style=\"color: #299549;\" href=\"https:\/\/www.milanodavedere.it\/curiosita\/sant-ambrogio-vescovo-milano-storia\/\" target=\"_blank\" rel=\"noopener\">milano da vedere<\/a><\/p>\n<p>Ogni anno, il <strong>7 dicembre<\/strong>, Milano si raccoglie attorno alla figura del suo amatissimo patrono: <strong>Sant\u2019Ambrogio<\/strong>. Non \u00e8 solo una festa religiosa, ma un momento profondamente identitario, che unisce memoria, tradizione e orgoglio civico. Sant\u2019Ambrogio incarna una Milano forte e indipendente, colta e concreta, capace di coniugare radici romane, cultura cristiana, pensiero vivace e spirito moderno.<\/p>\n<p>Al <strong>Centro <\/strong>celebriamo spesso questa giornata visitando la <strong>Basilica di Sant\u2019Ambrogio<\/strong> con la nostra guida culturale <strong>Marco<\/strong>, lasciandoci raccontare la storia che vive ancora in ogni mattone, mosaico e chiostro. Quest\u2019anno vogliamo onorare il patrono della citt\u00e0 ripercorrendo l\u2019origine della Basilica, la vita di Ambrogio e il suo immenso contributo alla storia europea.<\/p>\n<h2>1. Milano nell\u2019Antichit\u00e0 Tarda: tra Costantino e Ambrogio<\/h2>\n<p>Per capire Ambrogio, dobbiamo tornare nel <strong>IV secolo<\/strong>, un periodo decisivo per il Cristianesimo e per l\u2019Impero romano. Milano \u2014 allora <strong>Mediolanum<\/strong> \u2014 era una delle capitali imperiali: qui risiedettero <strong>Costantino<\/strong>, <strong>Graziano<\/strong>, <strong>Valentiniano<\/strong> e <strong>Teodosio<\/strong>.<\/p>\n<p>L\u2019impero stava cambiando: il paganesimo lasciava spazio alla nuova fede cristiana, le comunit\u00e0 erano divise tra ariani e niceni, e straordinarie basiliche cominciavano a ridisegnare l\u2019identit\u00e0 religiosa della citt\u00e0.<\/p>\n<div style=\"margin: 20px 0;\"><iframe title=\"Milano tra Costantino e Ambrogio\" src=\"https:\/\/www.youtube.com\/embed\/l8RcmPpojE0\" width=\"560\" height=\"315\" frameborder=\"0\" allowfullscreen=\"allowfullscreen\"><\/iframe><\/div>\n<p>\u00c8 in questo clima di trasformazione che emerge Ambrogio: una citt\u00e0 che cambia, una fede che cerca se stessa, un impero in bilico tra passato e futuro.<\/p>\n<h2>2. Chi era Ambrogio? Da funzionario romano a Vescovo di Milano<\/h2>\n<p>Ambrogio (<strong>Ambrosius<\/strong>) non era un sacerdote, ma un <strong>funzionario romano<\/strong> brillante, stimato per la sua cultura e per la sua diplomazia. Quando a Milano scoppi\u00f2 un conflitto tra fazioni cristiane, intervenne per riportare la calma: la folla, colpita dal suo carisma, cominci\u00f2 a gridare<br \/>\n<strong>\u00abAmbrosius episcopus!\u00bb \u2013 \u00abAmbrogio vescovo!\u00bb<\/strong>.<\/p>\n<p>Ambrogio non era nemmeno battezzato. Nel giro di una settimana venne battezzato, ordinato e consacrato <strong>Vescovo di Milano<\/strong> (374 d.C.). Da allora divenne una delle figure pi\u00f9 influenti della storia cristiana: difensore del Credo niceno, guida spirituale, autore di testi fondamentali, mentore di Sant\u2019Agostino e interlocutore diretto degli imperatori.<\/p>\n<h2>3. La nascita della Basilica di Sant\u2019Ambrogio<\/h2>\n<p>Tra le eredit\u00e0 pi\u00f9 significative di Ambrogio c\u2019\u00e8 la costruzione della <strong>Basilica Martyrum<\/strong>, oggi <strong>Basilica di Sant\u2019Ambrogio<\/strong>, realizzata tra il <strong>379 e il 386 d.C.<\/strong> Ambrogio desiderava un luogo monumentale che onorasse i martiri cristiani e incarnasse la nuova identit\u00e0 religiosa della citt\u00e0.<\/p>\n<div style=\"margin: 20px 0;\"><iframe title=\"Come nasce la basilica di Sant\u2019Ambrogio\" src=\"https:\/\/www.youtube.com\/embed\/WvhQci-jvPs\" width=\"560\" height=\"315\" frameborder=\"0\" allowfullscreen=\"allowfullscreen\"><\/iframe><\/div>\n<p>Costruita fuori dalle mura romane, la basilica riprendeva la tradizione delle chiese dedicate ai martiri. I suoi archi romanici, il grande atrio, le influenze longobarde e il mosaico dorato del <strong>Cristo Pantocratore<\/strong> la rendono uno dei luoghi sacri pi\u00f9 antichi e simbolici di Milano.<\/p>\n<p>Fu lo stesso Ambrogio a chiedere di essere sepolto qui, accanto ai martiri <strong>Gervasio e Protasio<\/strong>: le loro reliquie riposano tuttora nella cripta.<\/p>\n<h2>4. Dal monastero all\u2019universit\u00e0: una trasformazione secolare<\/h2>\n<p>Per secoli, accanto alla basilica sorgeva un grande <strong>monastero benedettino<\/strong>, punto di riferimento spirituale e culturale della citt\u00e0. Con le soppressioni napoleoniche, il monastero venne chiuso e trasformato. Nel <strong>1921<\/strong>, i suoi chiostri divennero la sede della <strong>Universit\u00e0 Cattolica del Sacro Cuore<\/strong>, oggi una delle pi\u00f9 importanti universit\u00e0 cattoliche al mondo.<\/p>\n<div style=\"margin: 20px 0;\"><iframe title=\"Dal convento all\u2019Universit\u00e0 Cattolica\" src=\"https:\/\/www.youtube.com\/embed\/uPymIydtfpw\" width=\"560\" height=\"315\" frameborder=\"0\" allowfullscreen=\"allowfullscreen\"><\/iframe><\/div>\n<p>Oggi, migliaia di studenti attraversano ogni giorno quei chiostri dove convivono elementi romani, affreschi medievali e architetture rinascimentali. Una trasformazione che racconta la vocazione di Milano: unire sapere, spiritualit\u00e0 e innovazione.<\/p>\n<h2>5. Ambrogio e l\u2019identit\u00e0 di Milano<\/h2>\n<p>Per i milanesi, Sant\u2019Ambrogio non \u00e8 solo un vescovo: \u00e8 un simbolo morale e civico. Rappresenta la disciplina, la concretezza, la forza etica di Milano. Ambrogio difese l\u2019autonomia della Chiesa dagli imperatori, promosse la carit\u00e0, scrisse opere che plasmarono la spiritualit\u00e0 occidentale e contribu\u00ec a definire l\u2019anima della citt\u00e0.<\/p>\n<p>La basilica che porta il suo nome riflette perfettamente il carattere milanese: <strong>razionale, sobrio, rigoroso e tenace<\/strong>.<\/p>\n<h2>6. Visitare la Basilica con Il Centro: imparare l&#8217;Italiano vivendo la cultura<\/h2>\n<p>Al <strong>Centro<\/strong> imparare l\u2019Italiano significa vivere la cultura, la storia e l\u2019atmosfera della citt\u00e0. Le visite guidate alla Basilica di Sant\u2019Ambrogio con la nostra guida <strong>Marco<\/strong> sono un\u2019occasione preziosa per apprendere la lingua attraverso l\u2019esperienza diretta, la narrazione e la scoperta.<\/p>\n<p>I nostri programmi includono corsi intensivi, lezioni serali, percorsi online, lezioni private, programmi per visti di studio e attivit\u00e0 culturali guidate.<\/p>\n<h2>7. Perch\u00e9 Ambrogio \u00e8 ancora importante oggi<\/h2>\n<p>A pi\u00f9 di 1600 anni dalla sua morte, Ambrogio continua a vivere nella citt\u00e0. I suoi testi restano centrali nella cultura cristiana; la sua basilica \u00e8 uno dei luoghi pi\u00f9 amati di Milano; la sua festa apre ufficialmente il periodo natalizio insieme allo storico mercato <a href=\"https:\/\/ilcentro.net\/it\/oh-bej-oh-bej-milano-guida-al-mercatino-di-natale-piu-storico\/\"><strong>Oh Bej! Oh Bej!<\/strong><\/a><\/p>\n<p>Ambrogio ci ricorda che la storia non \u00e8 qualcosa di lontano: vive nei luoghi che attraversiamo, nella lingua che parliamo, nella comunit\u00e0 che costruiamo.<\/p>\n<h2>8. Festeggia Sant\u2019Ambrogio con Il Centro<\/h2>\n<p>Che tu sia a Milano per qualche giorno o per un soggiorno pi\u00f9 lungo, questo \u00e8 il momento perfetto per scoprire l\u2019anima della citt\u00e0. Vieni a imparare Italiano con noi, visita la Basilica e cammina attraverso secoli di storia \u2014 da Costantino ad Ambrogio, dal monastero all\u2019universit\u00e0.<br \/>\n<strong>Al Centro, la lingua incontra la storia.<\/strong><\/p>\n<h2>Scopri di pi\u00f9 su Il Centro<\/h2>\n<div style=\"display: flex; flex-wrap: wrap; gap: 25px; margin-top: 20px;\">\n<div style=\"flex: 1; min-width: 250px; background: #ffffff; border: 1px solid #299549; border-radius: 14px; padding: 25px; text-align: center; transition: all .3s ease; box-shadow: 0 3px 10px rgba(0,0,0,0.08);\">\n<h3 style=\"margin-top: 0; color: #299549;\">Chi siamo<\/h3>\n<p>Scopri la nostra scuola, il nostro team, il nostro metodo di insegnamento e la nostra storia dal 1986.<\/p>\n<p> <a style=\"color: #299549; font-weight: bold; text-decoration: none;\" href=\"https:\/\/ilcentro.net\/it\/chi-siamo\/\" target=\"_blank\" rel=\"noopener\">Scopri di pi\u00f9 \u2192<\/a> <\/div>\n<div style=\"flex: 1; min-width: 250px; background: #ffffff; border: 1px solid #299549; border-radius: 14px; padding: 25px; text-align: center; transition: all .3s ease; box-shadow: 0 3px 10px rgba(0,0,0,0.08);\">\n<h3 style=\"margin-top: 0; color: #299549;\">Corsi di italiano a Milano<\/h3>\n<p>Corsi di gruppo, lezioni private e programmi personalizzati nel cuore di Milano.<\/p>\n<p> <a style=\"color: #299549; font-weight: bold; text-decoration: none;\" href=\"https:\/\/ilcentro.net\/course\/\" target=\"_blank\" rel=\"noopener\">Vedi i corsi \u2192<\/a> <\/div>\n<div style=\"flex: 1; min-width: 250px; background: #ffffff; border: 1px solid #299549; border-radius: 14px; padding: 25px; text-align: center; transition: all .3s ease; box-shadow: 0 3px 10px rgba(0,0,0,0.08);\">\n<h3 style=\"margin-top: 0; color: #299549;\">Corsi di italiano online<\/h3>\n<p>Lezioni di italiano flessibili e interattive, ovunque ti trovi nel mondo.<\/p>\n<p> <a style=\"color: #299549; font-weight: bold; text-decoration: none;\" href=\"https:\/\/ilcentro.net\/it\/course\/corsi-online\/\" target=\"_blank\" rel=\"noopener\">Inizia online \u2192<\/a> <\/div>\n<div style=\"flex: 1; min-width: 250px; background: #ffffff; border: 1px solid #299549; border-radius: 14px; padding: 25px; text-align: center; transition: all .3s ease; box-shadow: 0 3px 10px rgba(0,0,0,0.08);\">\n<h3 style=\"margin-top: 0; color: #299549;\">Visto di studio per l\u2019Italia<\/h3>\n<p>Supporto completo per ottenere il tuo visto di studio per l\u2019Italia.<\/p>\n<p> <a style=\"color: #299549; font-weight: bold; text-decoration: none;\" href=\"https:\/\/ilcentro.net\/it\/visto-di-studio-per-litalia-studiare-italiano-milano\/\" target=\"_blank\" rel=\"noopener\">Scopri di pi\u00f9 \u2192<\/a> <\/div>\n<\/p><\/div>\n<\/div>\n","protected":false},"excerpt":{"rendered":"<p>Crediti foto: milano da vedere Ogni anno, il 7 dicembre, Milano si raccoglie attorno alla figura del suo amatissimo patrono: Sant\u2019Ambrogio. Non \u00e8 solo una festa religiosa, ma un momento profondamente identitario, che unisce memoria, tradizione e orgoglio civico. Sant\u2019Ambrogio incarna una Milano forte e indipendente, colta e concreta, capace di coniugare radici romane, cultura [&hellip;]<\/p>\n","protected":false},"author":3,"featured_media":27268,"comment_status":"closed","ping_status":"closed","sticky":false,"template":"","format":"standard","meta":{"_acf_changed":false,"_joinchat":[],"footnotes":""},"categories":[13],"tags":[1634,1624,1633,1609,1631,1636,1637,1622,1640,1623,254,555,1620,1639,1629,1565,1630,1628,1389,1626,52,255,1632,1638,1625,1627],"class_list":["post-27272","post","type-post","status-publish","format-standard","has-post-thumbnail","hentry","category-non-categorizzato","tag-ambrogio-chi-era","tag-ambrogio-vescovo-di-milano","tag-arianesimo-e-niceni-milano","tag-basilica-di-santambrogio","tag-basiliche-antiche-di-milano","tag-corsi-di-italiano-a-milano","tag-corsi-di-italiano-per-stranieri","tag-costantino-milano","tag-cultura-milanese","tag-il-centro-scuola-di-italiano","tag-imparare-italiano-a-milano","tag-italian-language-school-milan","tag-mediolanum","tag-milano-cristiana","tag-milano-tardo-antico","tag-oh-bej-oh-bej","tag-patrono-di-milano","tag-santambrogio-7-dicembre","tag-santambrogio-milano","tag-santambrogio-storia","tag-scuola-di-italiano","tag-scuola-di-italiano-milano","tag-storia-di-milano","tag-storia-santambrogio","tag-universita-cattolica-santambrogio","tag-visite-culturali-milano"],"acf":[],"yoast_head":"<!-- This site is optimized with the Yoast SEO Premium plugin v27.4 (Yoast SEO v27.4) - https:\/\/yoast.com\/product\/yoast-seo-premium-wordpress\/ -->\n<title>Sant\u2019Ambrogio Milano: storia, Basilica e tradizioni - Il Centro<\/title>\n<meta name=\"description\" content=\"Scopri chi era Sant\u2019Ambrogio, patrono di Milano. Un viaggio tra storia, fede e cultura con Il Centro, scuola di italiano a Milano\" \/>\n<meta name=\"robots\" content=\"index, follow, max-snippet:-1, max-image-preview:large, max-video-preview:-1\" \/>\n<link rel=\"canonical\" href=\"https:\/\/ilcentro.net\/it\/santambrogio-la-storia-del-patrono-di-milano-e-leredita-che-ha-plasmato-la-citta\/\" \/>\n<meta property=\"og:locale\" content=\"it_IT\" \/>\n<meta property=\"og:type\" content=\"article\" \/>\n<meta property=\"og:title\" content=\"Sant\u2019Ambrogio: la storia del Patrono di Milano e l\u2019eredit\u00e0 che ha plasmato la citt\u00e0\" \/>\n<meta property=\"og:description\" content=\"Scopri chi era Sant\u2019Ambrogio, patrono di Milano. Un viaggio tra storia, fede e cultura con Il Centro, scuola di italiano a Milano\" \/>\n<meta property=\"og:url\" content=\"https:\/\/ilcentro.net\/it\/santambrogio-la-storia-del-patrono-di-milano-e-leredita-che-ha-plasmato-la-citta\/\" \/>\n<meta property=\"og:site_name\" content=\"Imparare l&#039;Italiano in Italia \u2013 Scuola e corsi di lingua italiana a Milano e online | Il Centro\" \/>\n<meta property=\"article:published_time\" content=\"2025-12-03T10:36:24+00:00\" \/>\n<meta property=\"article:modified_time\" content=\"2025-12-04T11:27:57+00:00\" \/>\n<meta property=\"og:image\" content=\"https:\/\/mli3dflm07d6.i.optimole.com\/cb:1X0z.189\/w:auto\/h:auto\/q:mauto\/f:best\/https:\/\/ilcentro.net\/wp-content\/uploads\/2025\/12\/SantAmbrogio-1200x900-1.jpg\" \/>\n\t<meta property=\"og:image:width\" content=\"1200\" \/>\n\t<meta property=\"og:image:height\" content=\"900\" \/>\n\t<meta property=\"og:image:type\" content=\"image\/jpeg\" \/>\n<meta name=\"author\" content=\"Patrizia\" \/>\n<meta name=\"twitter:card\" content=\"summary_large_image\" \/>\n<meta name=\"twitter:label1\" content=\"Scritto da\" \/>\n\t<meta name=\"twitter:data1\" content=\"Patrizia\" \/>\n\t<meta name=\"twitter:label2\" content=\"Tempo di lettura stimato\" \/>\n\t<meta name=\"twitter:data2\" content=\"5 minuti\" \/>\n<script type=\"application\/ld+json\" class=\"yoast-schema-graph\">{\"@context\":\"https:\\\/\\\/schema.org\",\"@graph\":[{\"@type\":\"Article\",\"@id\":\"https:\\\/\\\/ilcentro.net\\\/it\\\/santambrogio-la-storia-del-patrono-di-milano-e-leredita-che-ha-plasmato-la-citta\\\/#article\",\"isPartOf\":{\"@id\":\"https:\\\/\\\/ilcentro.net\\\/it\\\/santambrogio-la-storia-del-patrono-di-milano-e-leredita-che-ha-plasmato-la-citta\\\/\"},\"author\":{\"name\":\"Patrizia\",\"@id\":\"https:\\\/\\\/ilcentro.net\\\/it\\\/#\\\/schema\\\/person\\\/75e0a785acc7f3778785eac2b298d603\"},\"headline\":\"Sant\u2019Ambrogio: la storia del Patrono di Milano e l\u2019eredit\u00e0 che ha plasmato la citt\u00e0\",\"datePublished\":\"2025-12-03T10:36:24+00:00\",\"dateModified\":\"2025-12-04T11:27:57+00:00\",\"mainEntityOfPage\":{\"@id\":\"https:\\\/\\\/ilcentro.net\\\/it\\\/santambrogio-la-storia-del-patrono-di-milano-e-leredita-che-ha-plasmato-la-citta\\\/\"},\"wordCount\":918,\"publisher\":{\"@id\":\"https:\\\/\\\/ilcentro.net\\\/it\\\/#organization\"},\"image\":{\"@id\":\"https:\\\/\\\/ilcentro.net\\\/it\\\/santambrogio-la-storia-del-patrono-di-milano-e-leredita-che-ha-plasmato-la-citta\\\/#primaryimage\"},\"thumbnailUrl\":\"https:\\/\\/ilcentro.net\\/wp-content\\/uploads\\/2025\\/12\\/SantAmbrogio-1200x900-1.jpg\",\"keywords\":[\"Ambrogio chi era\",\"Ambrogio vescovo di Milano\",\"Arianesimo e niceni Milano\",\"Basilica di Sant\u2019Ambrogio\",\"Basiliche antiche di Milano\",\"Corsi di italiano a Milano\",\"Corsi di italiano per stranieri\",\"Costantino Milano\",\"Cultura milanese\",\"Il Centro scuola di italiano\",\"Imparare italiano a Milano\",\"Italian language school Milan\",\"Mediolanum\",\"Milano cristiana\",\"Milano tardo antico\",\"Oh Bej Oh Bej\",\"Patrono di Milano\",\"Sant'Ambrogio 7 dicembre\",\"Sant\u2019Ambrogio Milano\",\"Sant\u2019Ambrogio storia\",\"scuola di italiano\",\"Scuola di italiano Milano\",\"Storia di Milano\",\"Storia Sant\u2019Ambrogio\",\"Universit\u00e0 Cattolica Sant'Ambrogio\",\"Visite culturali Milano\"],\"articleSection\":[\"Non categorizzato\"],\"inLanguage\":\"it-IT\"},{\"@type\":\"WebPage\",\"@id\":\"https:\\\/\\\/ilcentro.net\\\/it\\\/santambrogio-la-storia-del-patrono-di-milano-e-leredita-che-ha-plasmato-la-citta\\\/\",\"url\":\"https:\\\/\\\/ilcentro.net\\\/it\\\/santambrogio-la-storia-del-patrono-di-milano-e-leredita-che-ha-plasmato-la-citta\\\/\",\"name\":\"Sant\u2019Ambrogio Milano: storia, Basilica e tradizioni - Il Centro\",\"isPartOf\":{\"@id\":\"https:\\\/\\\/ilcentro.net\\\/it\\\/#website\"},\"primaryImageOfPage\":{\"@id\":\"https:\\\/\\\/ilcentro.net\\\/it\\\/santambrogio-la-storia-del-patrono-di-milano-e-leredita-che-ha-plasmato-la-citta\\\/#primaryimage\"},\"image\":{\"@id\":\"https:\\\/\\\/ilcentro.net\\\/it\\\/santambrogio-la-storia-del-patrono-di-milano-e-leredita-che-ha-plasmato-la-citta\\\/#primaryimage\"},\"thumbnailUrl\":\"https:\\/\\/ilcentro.net\\/wp-content\\/uploads\\/2025\\/12\\/SantAmbrogio-1200x900-1.jpg\",\"datePublished\":\"2025-12-03T10:36:24+00:00\",\"dateModified\":\"2025-12-04T11:27:57+00:00\",\"description\":\"Scopri chi era Sant\u2019Ambrogio, patrono di Milano. Un viaggio tra storia, fede e cultura con Il Centro, scuola di italiano a Milano\",\"breadcrumb\":{\"@id\":\"https:\\\/\\\/ilcentro.net\\\/it\\\/santambrogio-la-storia-del-patrono-di-milano-e-leredita-che-ha-plasmato-la-citta\\\/#breadcrumb\"},\"inLanguage\":\"it-IT\",\"potentialAction\":[{\"@type\":\"ReadAction\",\"target\":[\"https:\\\/\\\/ilcentro.net\\\/it\\\/santambrogio-la-storia-del-patrono-di-milano-e-leredita-che-ha-plasmato-la-citta\\\/\"]}]},{\"@type\":\"ImageObject\",\"inLanguage\":\"it-IT\",\"@id\":\"https:\\\/\\\/ilcentro.net\\\/it\\\/santambrogio-la-storia-del-patrono-di-milano-e-leredita-che-ha-plasmato-la-citta\\\/#primaryimage\",\"url\":\"https:\\/\\/ilcentro.net\\/wp-content\\/uploads\\/2025\\/12\\/SantAmbrogio-1200x900-1.jpg\",\"contentUrl\":\"https:\\/\\/ilcentro.net\\/wp-content\\/uploads\\/2025\\/12\\/SantAmbrogio-1200x900-1.jpg\",\"width\":1200,\"height\":900,\"caption\":\"Sant\u2019Ambrogio: la storia del Patrono di Milano e l\u2019eredit\u00e0 che ha plasmato la citt\u00e0\"},{\"@type\":\"BreadcrumbList\",\"@id\":\"https:\\\/\\\/ilcentro.net\\\/it\\\/santambrogio-la-storia-del-patrono-di-milano-e-leredita-che-ha-plasmato-la-citta\\\/#breadcrumb\",\"itemListElement\":[{\"@type\":\"ListItem\",\"position\":1,\"name\":\"Home\",\"item\":\"https:\\\/\\\/ilcentro.net\\\/it\\\/\"},{\"@type\":\"ListItem\",\"position\":2,\"name\":\"Sant\u2019Ambrogio: la storia del Patrono di Milano e l\u2019eredit\u00e0 che ha plasmato la citt\u00e0\"}]},{\"@type\":\"WebSite\",\"@id\":\"https:\\\/\\\/ilcentro.net\\\/it\\\/#website\",\"url\":\"https:\\\/\\\/ilcentro.net\\\/it\\\/\",\"name\":\"Il Centro\",\"description\":\"Corsi di lingua italiana e scuola per stranieri, a Milano e Online\",\"publisher\":{\"@id\":\"https:\\\/\\\/ilcentro.net\\\/it\\\/#organization\"},\"potentialAction\":[{\"@type\":\"SearchAction\",\"target\":{\"@type\":\"EntryPoint\",\"urlTemplate\":\"https:\\\/\\\/ilcentro.net\\\/it\\\/?s={search_term_string}\"},\"query-input\":{\"@type\":\"PropertyValueSpecification\",\"valueRequired\":true,\"valueName\":\"search_term_string\"}}],\"inLanguage\":\"it-IT\"},{\"@type\":\"Organization\",\"@id\":\"https:\\\/\\\/ilcentro.net\\\/it\\\/#organization\",\"name\":\"Il Centro\",\"url\":\"https:\\\/\\\/ilcentro.net\\\/it\\\/\",\"logo\":{\"@type\":\"ImageObject\",\"inLanguage\":\"it-IT\",\"@id\":\"https:\\\/\\\/ilcentro.net\\\/it\\\/#\\\/schema\\\/logo\\\/image\\\/\",\"url\":\"https:\\/\\/ilcentro.net\\/wp-content\\/uploads\\/2024\\/09\\/ilcentro_logo-1.jpg\",\"contentUrl\":\"https:\\/\\/ilcentro.net\\/wp-content\\/uploads\\/2024\\/09\\/ilcentro_logo-1.jpg\",\"width\":304,\"height\":118,\"caption\":\"Il Centro\"},\"image\":{\"@id\":\"https:\\\/\\\/ilcentro.net\\\/it\\\/#\\\/schema\\\/logo\\\/image\\\/\"}},{\"@type\":\"Person\",\"@id\":\"https:\\\/\\\/ilcentro.net\\\/it\\\/#\\\/schema\\\/person\\\/75e0a785acc7f3778785eac2b298d603\",\"name\":\"Patrizia\",\"image\":{\"@type\":\"ImageObject\",\"inLanguage\":\"it-IT\",\"@id\":\"https:\\\/\\\/secure.gravatar.com\\\/avatar\\\/858f80e11d66f9b46da6d476a249fd512f34d340545c106175e60cb8f265c40b?s=96&d=mm&r=g\",\"url\":\"https:\\\/\\\/secure.gravatar.com\\\/avatar\\\/858f80e11d66f9b46da6d476a249fd512f34d340545c106175e60cb8f265c40b?s=96&d=mm&r=g\",\"contentUrl\":\"https:\\\/\\\/secure.gravatar.com\\\/avatar\\\/858f80e11d66f9b46da6d476a249fd512f34d340545c106175e60cb8f265c40b?s=96&d=mm&r=g\",\"caption\":\"Patrizia\"}}]}<\/script>\n<!-- \/ Yoast SEO Premium plugin. -->","yoast_head_json":{"title":"Sant\u2019Ambrogio Milano: storia, Basilica e tradizioni - Il Centro","description":"Scopri chi era Sant\u2019Ambrogio, patrono di Milano. Un viaggio tra storia, fede e cultura con Il Centro, scuola di italiano a Milano","robots":{"index":"index","follow":"follow","max-snippet":"max-snippet:-1","max-image-preview":"max-image-preview:large","max-video-preview":"max-video-preview:-1"},"canonical":"https:\/\/ilcentro.net\/it\/santambrogio-la-storia-del-patrono-di-milano-e-leredita-che-ha-plasmato-la-citta\/","og_locale":"it_IT","og_type":"article","og_title":"Sant\u2019Ambrogio: la storia del Patrono di Milano e l\u2019eredit\u00e0 che ha plasmato la citt\u00e0","og_description":"Scopri chi era Sant\u2019Ambrogio, patrono di Milano. Un viaggio tra storia, fede e cultura con Il Centro, scuola di italiano a Milano","og_url":"https:\/\/ilcentro.net\/it\/santambrogio-la-storia-del-patrono-di-milano-e-leredita-che-ha-plasmato-la-citta\/","og_site_name":"Imparare l&#039;Italiano in Italia \u2013 Scuola e corsi di lingua italiana a Milano e online | Il Centro","article_published_time":"2025-12-03T10:36:24+00:00","article_modified_time":"2025-12-04T11:27:57+00:00","og_image":[{"width":1200,"height":900,"url":"https:\/\/mli3dflm07d6.i.optimole.com\/cb:1X0z.189\/w:auto\/h:auto\/q:mauto\/f:best\/https:\/\/ilcentro.net\/wp-content\/uploads\/2025\/12\/SantAmbrogio-1200x900-1.jpg","type":"image\/jpeg"}],"author":"Patrizia","twitter_card":"summary_large_image","twitter_misc":{"Scritto da":"Patrizia","Tempo di lettura stimato":"5 minuti"},"schema":{"@context":"https:\/\/schema.org","@graph":[{"@type":"Article","@id":"https:\/\/ilcentro.net\/it\/santambrogio-la-storia-del-patrono-di-milano-e-leredita-che-ha-plasmato-la-citta\/#article","isPartOf":{"@id":"https:\/\/ilcentro.net\/it\/santambrogio-la-storia-del-patrono-di-milano-e-leredita-che-ha-plasmato-la-citta\/"},"author":{"name":"Patrizia","@id":"https:\/\/ilcentro.net\/it\/#\/schema\/person\/75e0a785acc7f3778785eac2b298d603"},"headline":"Sant\u2019Ambrogio: la storia del Patrono di Milano e l\u2019eredit\u00e0 che ha plasmato la citt\u00e0","datePublished":"2025-12-03T10:36:24+00:00","dateModified":"2025-12-04T11:27:57+00:00","mainEntityOfPage":{"@id":"https:\/\/ilcentro.net\/it\/santambrogio-la-storia-del-patrono-di-milano-e-leredita-che-ha-plasmato-la-citta\/"},"wordCount":918,"publisher":{"@id":"https:\/\/ilcentro.net\/it\/#organization"},"image":{"@id":"https:\/\/ilcentro.net\/it\/santambrogio-la-storia-del-patrono-di-milano-e-leredita-che-ha-plasmato-la-citta\/#primaryimage"},"thumbnailUrl":"https:\/\/mli3dflm07d6.i.optimole.com\/cb:1X0z.189\/w:auto\/h:auto\/q:mauto\/f:best\/https:\/\/ilcentro.net\/wp-content\/uploads\/2025\/12\/SantAmbrogio-1200x900-1.jpg","keywords":["Ambrogio chi era","Ambrogio vescovo di Milano","Arianesimo e niceni Milano","Basilica di Sant\u2019Ambrogio","Basiliche antiche di Milano","Corsi di italiano a Milano","Corsi di italiano per stranieri","Costantino Milano","Cultura milanese","Il Centro scuola di italiano","Imparare italiano a Milano","Italian language school Milan","Mediolanum","Milano cristiana","Milano tardo antico","Oh Bej Oh Bej","Patrono di Milano","Sant'Ambrogio 7 dicembre","Sant\u2019Ambrogio Milano","Sant\u2019Ambrogio storia","scuola di italiano","Scuola di italiano Milano","Storia di Milano","Storia Sant\u2019Ambrogio","Universit\u00e0 Cattolica Sant'Ambrogio","Visite culturali Milano"],"articleSection":["Non categorizzato"],"inLanguage":"it-IT"},{"@type":"WebPage","@id":"https:\/\/ilcentro.net\/it\/santambrogio-la-storia-del-patrono-di-milano-e-leredita-che-ha-plasmato-la-citta\/","url":"https:\/\/ilcentro.net\/it\/santambrogio-la-storia-del-patrono-di-milano-e-leredita-che-ha-plasmato-la-citta\/","name":"Sant\u2019Ambrogio Milano: storia, Basilica e tradizioni - Il Centro","isPartOf":{"@id":"https:\/\/ilcentro.net\/it\/#website"},"primaryImageOfPage":{"@id":"https:\/\/ilcentro.net\/it\/santambrogio-la-storia-del-patrono-di-milano-e-leredita-che-ha-plasmato-la-citta\/#primaryimage"},"image":{"@id":"https:\/\/ilcentro.net\/it\/santambrogio-la-storia-del-patrono-di-milano-e-leredita-che-ha-plasmato-la-citta\/#primaryimage"},"thumbnailUrl":"https:\/\/mli3dflm07d6.i.optimole.com\/cb:1X0z.189\/w:auto\/h:auto\/q:mauto\/f:best\/https:\/\/ilcentro.net\/wp-content\/uploads\/2025\/12\/SantAmbrogio-1200x900-1.jpg","datePublished":"2025-12-03T10:36:24+00:00","dateModified":"2025-12-04T11:27:57+00:00","description":"Scopri chi era Sant\u2019Ambrogio, patrono di Milano. Un viaggio tra storia, fede e cultura con Il Centro, scuola di italiano a Milano","breadcrumb":{"@id":"https:\/\/ilcentro.net\/it\/santambrogio-la-storia-del-patrono-di-milano-e-leredita-che-ha-plasmato-la-citta\/#breadcrumb"},"inLanguage":"it-IT","potentialAction":[{"@type":"ReadAction","target":["https:\/\/ilcentro.net\/it\/santambrogio-la-storia-del-patrono-di-milano-e-leredita-che-ha-plasmato-la-citta\/"]}]},{"@type":"ImageObject","inLanguage":"it-IT","@id":"https:\/\/ilcentro.net\/it\/santambrogio-la-storia-del-patrono-di-milano-e-leredita-che-ha-plasmato-la-citta\/#primaryimage","url":"https:\/\/mli3dflm07d6.i.optimole.com\/cb:1X0z.189\/w:auto\/h:auto\/q:mauto\/f:best\/https:\/\/ilcentro.net\/wp-content\/uploads\/2025\/12\/SantAmbrogio-1200x900-1.jpg","contentUrl":"https:\/\/mli3dflm07d6.i.optimole.com\/cb:1X0z.189\/w:auto\/h:auto\/q:mauto\/f:best\/https:\/\/ilcentro.net\/wp-content\/uploads\/2025\/12\/SantAmbrogio-1200x900-1.jpg","width":1200,"height":900,"caption":"Sant\u2019Ambrogio: la storia del Patrono di Milano e l\u2019eredit\u00e0 che ha plasmato la citt\u00e0"},{"@type":"BreadcrumbList","@id":"https:\/\/ilcentro.net\/it\/santambrogio-la-storia-del-patrono-di-milano-e-leredita-che-ha-plasmato-la-citta\/#breadcrumb","itemListElement":[{"@type":"ListItem","position":1,"name":"Home","item":"https:\/\/ilcentro.net\/it\/"},{"@type":"ListItem","position":2,"name":"Sant\u2019Ambrogio: la storia del Patrono di Milano e l\u2019eredit\u00e0 che ha plasmato la citt\u00e0"}]},{"@type":"WebSite","@id":"https:\/\/ilcentro.net\/it\/#website","url":"https:\/\/ilcentro.net\/it\/","name":"Il Centro","description":"Corsi di lingua italiana e scuola per stranieri, a Milano e Online","publisher":{"@id":"https:\/\/ilcentro.net\/it\/#organization"},"potentialAction":[{"@type":"SearchAction","target":{"@type":"EntryPoint","urlTemplate":"https:\/\/ilcentro.net\/it\/?s={search_term_string}"},"query-input":{"@type":"PropertyValueSpecification","valueRequired":true,"valueName":"search_term_string"}}],"inLanguage":"it-IT"},{"@type":"Organization","@id":"https:\/\/ilcentro.net\/it\/#organization","name":"Il Centro","url":"https:\/\/ilcentro.net\/it\/","logo":{"@type":"ImageObject","inLanguage":"it-IT","@id":"https:\/\/ilcentro.net\/it\/#\/schema\/logo\/image\/","url":"https:\/\/mli3dflm07d6.i.optimole.com\/cb:1X0z.189\/w:auto\/h:auto\/q:mauto\/f:best\/https:\/\/ilcentro.net\/wp-content\/uploads\/2024\/09\/ilcentro_logo-1.jpg","contentUrl":"https:\/\/mli3dflm07d6.i.optimole.com\/cb:1X0z.189\/w:auto\/h:auto\/q:mauto\/f:best\/https:\/\/ilcentro.net\/wp-content\/uploads\/2024\/09\/ilcentro_logo-1.jpg","width":304,"height":118,"caption":"Il Centro"},"image":{"@id":"https:\/\/ilcentro.net\/it\/#\/schema\/logo\/image\/"}},{"@type":"Person","@id":"https:\/\/ilcentro.net\/it\/#\/schema\/person\/75e0a785acc7f3778785eac2b298d603","name":"Patrizia","image":{"@type":"ImageObject","inLanguage":"it-IT","@id":"https:\/\/secure.gravatar.com\/avatar\/858f80e11d66f9b46da6d476a249fd512f34d340545c106175e60cb8f265c40b?s=96&d=mm&r=g","url":"https:\/\/secure.gravatar.com\/avatar\/858f80e11d66f9b46da6d476a249fd512f34d340545c106175e60cb8f265c40b?s=96&d=mm&r=g","contentUrl":"https:\/\/secure.gravatar.com\/avatar\/858f80e11d66f9b46da6d476a249fd512f34d340545c106175e60cb8f265c40b?s=96&d=mm&r=g","caption":"Patrizia"}}]}},"_links":{"self":[{"href":"https:\/\/ilcentro.net\/it\/wp-json\/wp\/v2\/posts\/27272","targetHints":{"allow":["GET"]}}],"collection":[{"href":"https:\/\/ilcentro.net\/it\/wp-json\/wp\/v2\/posts"}],"about":[{"href":"https:\/\/ilcentro.net\/it\/wp-json\/wp\/v2\/types\/post"}],"author":[{"embeddable":true,"href":"https:\/\/ilcentro.net\/it\/wp-json\/wp\/v2\/users\/3"}],"replies":[{"embeddable":true,"href":"https:\/\/ilcentro.net\/it\/wp-json\/wp\/v2\/comments?post=27272"}],"version-history":[{"count":10,"href":"https:\/\/ilcentro.net\/it\/wp-json\/wp\/v2\/posts\/27272\/revisions"}],"predecessor-version":[{"id":27282,"href":"https:\/\/ilcentro.net\/it\/wp-json\/wp\/v2\/posts\/27272\/revisions\/27282"}],"wp:featuredmedia":[{"embeddable":true,"href":"https:\/\/ilcentro.net\/it\/wp-json\/wp\/v2\/media\/27268"}],"wp:attachment":[{"href":"https:\/\/ilcentro.net\/it\/wp-json\/wp\/v2\/media?parent=27272"}],"wp:term":[{"taxonomy":"category","embeddable":true,"href":"https:\/\/ilcentro.net\/it\/wp-json\/wp\/v2\/categories?post=27272"},{"taxonomy":"post_tag","embeddable":true,"href":"https:\/\/ilcentro.net\/it\/wp-json\/wp\/v2\/tags?post=27272"}],"curies":[{"name":"wp","href":"https:\/\/api.w.org\/{rel}","templated":true}]}}