{"id":21445,"date":"2025-11-20T06:15:00","date_gmt":"2025-11-20T06:15:00","guid":{"rendered":"https:\/\/ilcentro.net\/?p=21445"},"modified":"2025-10-08T15:13:30","modified_gmt":"2025-10-08T15:13:30","slug":"vivere-litaliano-a-milano-la-citta-piu-moderna-ditalia-che-conquista-viaggiatori-da-tutto-il-mondo","status":"publish","type":"post","link":"https:\/\/ilcentro.net\/it\/vivere-litaliano-a-milano-la-citta-piu-moderna-ditalia-che-conquista-viaggiatori-da-tutto-il-mondo\/","title":{"rendered":"Vivere l\u2019Italiano a Milano: la citt\u00e0 pi\u00f9 moderna d\u2019Italia che conquista viaggiatori da tutto il mondo"},"content":{"rendered":"\t\t<div data-elementor-type=\"wp-post\" data-elementor-id=\"21445\" class=\"elementor elementor-21445 elementor-21393\" data-elementor-post-type=\"post\">\n\t\t\t\t<div class=\"elementor-element elementor-element-4d3377d6 e-flex e-con-boxed e-con e-parent\" data-id=\"4d3377d6\" data-element_type=\"container\">\n\t\t\t\t\t<div class=\"e-con-inner\">\n\t\t\t\t<div class=\"elementor-element elementor-element-7fec0eab elementor-widget elementor-widget-text-editor\" data-id=\"7fec0eab\" data-element_type=\"widget\" data-widget_type=\"text-editor.default\">\n\t\t\t\t<div class=\"elementor-widget-container\">\n\t\t\t<style>\/*! elementor - v3.23.0 - 05-08-2024 *\/\n.elementor-widget-text-editor.elementor-drop-cap-view-stacked .elementor-drop-cap{background-color:#69727d;color:#fff}.elementor-widget-text-editor.elementor-drop-cap-view-framed .elementor-drop-cap{color:#69727d;border:3px solid;background-color:transparent}.elementor-widget-text-editor:not(.elementor-drop-cap-view-default) .elementor-drop-cap{margin-top:8px}.elementor-widget-text-editor:not(.elementor-drop-cap-view-default) .elementor-drop-cap-letter{width:1em;height:1em}.elementor-widget-text-editor .elementor-drop-cap{float:left;text-align:center;line-height:1;font-size:50px}.elementor-widget-text-editor .elementor-drop-cap-letter{display:inline-block}<\/style>\t\t\t\t<div style=\"text-align: justify;\">\n<article style=\"--brand: #299549; font-family: 'Helvetica Neue',Arial,sans-serif; line-height: 1.7; color: #222; max-width: 900px; margin: 0 auto; padding: 2rem;\">\n\n<header style=\"text-align: center; margin-bottom: 2rem;\">\n<p style=\"font-size: 1.1rem; color: #444;\">Da Londra a Los Angeles, cittadini da tutto il mondo scelgono Milano non solo per le sue opportunit\u00e0 \u2014 ma per la sua anima.<\/p>\n<\/header>\n\n<section>\n<h2 style=\"color: var(--brand);\">La rinascita di una Milano moderna<\/h2>\n<img fetchpriority=\"high\" decoding=\"async\" decoding=async data-opt-id=49891749  data-opt-src=\"https:\/\/mli3dflm07d6.i.optimole.com\/cb:1X0z.189\/w:auto\/h:auto\/q:mauto\/f:best\/https:\/\/ilcentro.net\/wp-content\/uploads\/2025\/10\/gae.png\"  src=\"data:image\/svg+xml,%3Csvg%20viewBox%3D%220%200%20100%%20100%%22%20width%3D%22100%%22%20height%3D%22100%%22%20xmlns%3D%22http%3A%2F%2Fwww.w3.org%2F2000%2Fsvg%22%3E%3Crect%20width%3D%22100%%22%20height%3D%22100%%22%20fill%3D%22transparent%22%2F%3E%3C%2Fsvg%3E\" alt=\"La nuova rinascita di Milano\" width=\"1536\" height=\"1024\" \/>\n\n<p>Per anni, Milano \u00e8 stata conosciuta soprattutto come la capitale economica d\u2019Italia \u2014 la citt\u00e0 della finanza, della moda e dell\u2019industria. Ma nell\u2019ultimo decennio \u00e8 accaduto qualcosa di straordinario: Milano si \u00e8 reinventata. Quella che un tempo era vista come una metropoli efficiente ma riservata, \u00e8 oggi uno dei centri culturali pi\u00f9 vivaci d\u2019Europa, capace di attrarre artisti, imprenditori, designer e studenti da ogni parte del mondo.<\/p>\n\n<p>Dopo Expo 2015 la trasformazione si \u00e8 accelerata: nuovi quartieri verdi, ristoranti stellati, torri futuristiche firmate da architetti internazionali. Eppure, dietro questa spinta innovativa, Milano ha conservato ci\u00f2 che la rende profondamente italiana \u2014 il calore umano, la creativit\u00e0, e l\u2019amore per la bellezza nella vita di ogni giorno.<\/p>\n\n<p>Non sorprende che riviste, investitori e registi internazionali parlino oggi di una \u201crinascita milanese\u201d. Non \u00e8 solo una storia economica \u2014 \u00e8 un\u2019evoluzione dello stile di vita che ispira sempre pi\u00f9 persone a <strong>vivere l\u2019italiano a Milano<\/strong> attraverso l\u2019arte, il design e la quotidianit\u00e0 autentica.<\/p>\n<\/section>\n\n<section>\n<h2 style=\"color: var(--brand);\">Una citt\u00e0 tra tradizione e innovazione<\/h2>\n<img decoding=\"async\" decoding=async data-opt-id=84071114  data-opt-src=\"https:\/\/mli3dflm07d6.i.optimole.com\/cb:1X0z.189\/w:auto\/h:auto\/q:mauto\/f:best\/https:\/\/ilcentro.net\/wp-content\/uploads\/2025\/04\/milano1-scaled.png\"  src=\"data:image\/svg+xml,%3Csvg%20viewBox%3D%220%200%20100%%20100%%22%20width%3D%22100%%22%20height%3D%22100%%22%20xmlns%3D%22http%3A%2F%2Fwww.w3.org%2F2000%2Fsvg%22%3E%3Crect%20width%3D%22100%%22%20height%3D%22100%%22%20fill%3D%22transparent%22%2F%3E%3C%2Fsvg%3E\" alt=\"Vivere l\u2019italiano attraverso la citt\u00e0 e l\u2019architettura\" width=\"2560\" height=\"1435\" \/>\n\n<p>Basta attraversare la <strong>Galleria Vittorio Emanuele II<\/strong> per capirlo: l\u2019eleganza ottocentesca incontra l\u2019energia del ventunesimo secolo. Il profumo del caff\u00e8 si mescola alle lingue del mondo. Le boutique di lusso convivono con i caff\u00e8 storici, sotto una cupola di vetro che sembra sospesa tra passato e futuro.<\/p>\n\n<p>Poche citt\u00e0 riescono a equilibrare antico e moderno come Milano. Da un lato il <strong>Duomo<\/strong>, con le sue guglie di marmo scolpite nei secoli; dall\u2019altro <strong>Piazza Gae Aulenti<\/strong>, con i suoi grattacieli, giardini urbani e installazioni d\u2019arte. Questo contrasto non \u00e8 una contraddizione \u2014 \u00e8 il segreto del fascino milanese.<\/p>\n<\/section>\n\n<section>\n<h2 style=\"color: var(--brand);\">Dall\u2019aperitivo all\u2019arte: vivere lo stile di vita milanese<\/h2>\n<img decoding=\"async\" decoding=async data-opt-id=1372843531  data-opt-src=\"https:\/\/mli3dflm07d6.i.optimole.com\/cb:1X0z.189\/w:auto\/h:auto\/q:mauto\/f:best\/https:\/\/ilcentro.net\/wp-content\/uploads\/2025\/07\/giacomo.jpeg\"  src=\"data:image\/svg+xml,%3Csvg%20viewBox%3D%220%200%20100%%20100%%22%20width%3D%22100%%22%20height%3D%22100%%22%20xmlns%3D%22http%3A%2F%2Fwww.w3.org%2F2000%2Fsvg%22%3E%3Crect%20width%3D%22100%%22%20height%3D%22100%%22%20fill%3D%22transparent%22%2F%3E%3C%2Fsvg%3E\" alt=\"Insegnare italiano a stranieri\" width=\"837\" height=\"438\" \/>\n\n<p>La giornata milanese segue un ritmo tutto suo. La mattina inizia con un cappuccino e un \u201cbuongiorno\u201d al bar sotto casa. Il pomeriggio scorre tra una mostra a Brera o una passeggiata tra le vetrine di Corso Como. E la sera\u2026 \u00e8 tempo di <strong>aperitivo<\/strong>: quel momento magico di cocktail, chiacchiere e relax che Milano ha esportato in tutto il mondo.<\/p>\n\n<p>\u00c8 una cultura dell\u2019incontro. Qui non si vive solo per lavorare \u2014 si vive bene. Settimane del design, fiere d\u2019arte, festival del cinema e mille eventi rendono Milano una delle citt\u00e0 pi\u00f9 stimolanti d\u2019Europa. Che tu sia architetto, musicista, chef o studente, Milano accoglie la tua creativit\u00e0 e ti invita a esprimerla \u2014 a <strong>vivere l\u2019italiano a Milano<\/strong> ogni giorno.<\/p>\n<\/section>\n\n<section>\n<h2 style=\"color: var(--brand);\">Perch\u00e9 sempre pi\u00f9 stranieri scelgono Milano<\/h2>\n<img loading=\"lazy\" decoding=\"async\" decoding=async data-opt-id=454058424  data-opt-src=\"https:\/\/mli3dflm07d6.i.optimole.com\/cb:1X0z.189\/w:auto\/h:auto\/q:mauto\/f:best\/https:\/\/ilcentro.net\/wp-content\/uploads\/2025\/02\/pizza-testata-blog-.jpg\"  src=\"data:image\/svg+xml,%3Csvg%20viewBox%3D%220%200%20100%%20100%%22%20width%3D%22100%%22%20height%3D%22100%%22%20xmlns%3D%22http%3A%2F%2Fwww.w3.org%2F2000%2Fsvg%22%3E%3Crect%20width%3D%22100%%22%20height%3D%22100%%22%20fill%3D%22transparent%22%2F%3E%3C%2Fsvg%3E\" alt=\"Imparare l\u2019italiano cucinando\" width=\"799\" height=\"533\" \/>\n\n<p>Negli ultimi anni Milano ha accolto un flusso costante di nuovi residenti internazionali \u2014 imprenditori, artisti, famiglie, nomadi digitali. Molti arrivano per le agevolazioni fiscali, ma restano per qualcosa di pi\u00f9 profondo: il senso di appartenenza in una citt\u00e0 che \u00e8 insieme globale e intima.<\/p>\n\n<p>Milano \u00e8 grande abbastanza da offrire tutto, ma compatta e vivibile. Si pu\u00f2 fare colazione a Brera, una riunione in Porta Nuova e cena sui Navigli \u2014 tutto a pochi chilometri di distanza. Trasporti efficienti, coworking moderni, scuole internazionali: \u00e8 il luogo ideale per chi vuole un punto d\u2019appoggio europeo.<\/p>\n\n<p>Ma ci\u00f2 che distingue Milano \u00e8 la sua <strong>dimensione umana<\/strong>. Dietro la facciata cosmopolita si nasconde una rete di quartieri, botteghe, abitudini e sorrisi. Qui si conosce il proprio barista per nome, i pasti non si consumano in fretta e arte e lingua fanno parte della vita quotidiana \u2014 il contesto perfetto per <strong>imparare l\u2019italiano a Milano<\/strong> in modo naturale.<\/p>\n<\/section>\n\n<section>\n<h2 style=\"color: var(--brand);\">La lingua di Milano: pi\u00f9 di semplici parole<\/h2>\n\n\n<div class=\"video-responsive\" style=\"position:relative;padding-bottom:56.25%;height:0;overflow:hidden;border-radius:12px;box-shadow:0 6px 22px rgba(0,0,0,.12); margin-bottom:1.5rem;\">\n  <iframe \n    src=\"https:\/\/www.youtube.com\/embed\/9DLEWSQMwuM?start=5\"\n    title=\"La lingua di Milano - Il Centro Scuola di Italiano\"\n    loading=\"lazy\"\n    frameborder=\"0\"\n    allow=\"accelerometer; autoplay; clipboard-write; encrypted-media; gyroscope; picture-in-picture; web-share\"\n    allowfullscreen\n    style=\"position:absolute;top:0;left:0;width:100%;height:100%;border:0;\">\n  <\/iframe>\n<\/div>\n\n<p>Imparare una lingua significa aprire la porta a una nuova vita. A Milano, l\u2019italiano non si studia soltanto: si vive. La citt\u00e0 diventa la tua aula \u2014 tra chiacchiere al mercato, cartelloni di mostre e ordinazioni al bar.<\/p>\n\n<p>Alla <strong><a style=\"color: var(--brand); text-decoration: none;\" href=\"https:\/\/ilcentro.net\" target=\"_blank\" rel=\"noopener\">Scuola Il Centro \u2013 Italiano per Stranieri<\/a><\/strong>, studenti da tutto il mondo scoprono che l\u2019italiano si impara meglio con l\u2019esperienza. Le lezioni sono comunicative, dinamiche e legate alla vita reale. Un giorno si parla di cinema, il giorno dopo si imparano espressioni idiomatiche davanti a un caff\u00e8 al Duomo.<\/p>\n<\/section>\n\n<section>\n<h2 style=\"color: var(--brand);\">Una citt\u00e0 nel pieno della sua rinascita<\/h2>\n<img loading=\"lazy\" decoding=\"async\" decoding=async data-opt-id=1899120259  data-opt-src=\"https:\/\/mli3dflm07d6.i.optimole.com\/cb:1X0z.189\/w:auto\/h:auto\/q:mauto\/f:best\/https:\/\/ilcentro.net\/wp-content\/uploads\/2025\/10\/biblioeca-alberi.png\"  src=\"data:image\/svg+xml,%3Csvg%20viewBox%3D%220%200%20100%%20100%%22%20width%3D%22100%%22%20height%3D%22100%%22%20xmlns%3D%22http%3A%2F%2Fwww.w3.org%2F2000%2Fsvg%22%3E%3Crect%20width%3D%22100%%22%20height%3D%22100%%22%20fill%3D%22transparent%22%2F%3E%3C%2Fsvg%3E\" alt=\"Vivere e imparare l\u2019italiano a Milano\" width=\"1536\" height=\"1024\" \/>\n\n<p>\u201cRinascimento\u201d non \u00e8 una parola che in Italia si usa a caso \u2014 e Milano se l\u2019\u00e8 meritata. Nei suoi quartieri, nell\u2019architettura e nello spirito si respira un\u2019energia nuova. Zone un tempo industriali come <strong>Tortona<\/strong> o <strong>Porta Romana<\/strong> oggi pullulano di atelier, startup e spazi creativi. Il <strong>Parco Biblioteca degli Alberi<\/strong> \u00e8 diventato simbolo della nuova Milano verde, sostenibile e umana.<\/p>\n<\/section>\n\n<section>\n<h2 style=\"color: var(--brand);\">Oltre la moda: Milano come porta d\u2019Italia<\/h2>\n<p>Per molti stranieri, Milano \u00e8 la prima tappa in Italia \u2014 e che porta d\u2019ingresso! Da qui il Paese si apre: Firenze e Venezia a poche ore di treno, le Alpi a un\u2019ora di viaggio. Ma chi arriva a Milano spesso sceglie di restare. La citt\u00e0 ha un ritmo tutto suo \u2014 internazionale, ma autenticamente italiano. Un equilibrio perfetto tra efficienza e calore.<\/p>\n<\/section>\n\n<section>\n<h2 style=\"color: var(--brand);\">Vivere, imparare e sentirsi parte<\/h2>\n<img loading=\"lazy\" decoding=\"async\" decoding=async data-opt-id=1980582282  data-opt-src=\"https:\/\/mli3dflm07d6.i.optimole.com\/cb:1X0z.189\/w:auto\/h:auto\/q:mauto\/f:best\/https:\/\/ilcentro.net\/wp-content\/uploads\/2025\/04\/mfw25.png\"  src=\"data:image\/svg+xml,%3Csvg%20viewBox%3D%220%200%20100%%20100%%22%20width%3D%22100%%22%20height%3D%22100%%22%20xmlns%3D%22http%3A%2F%2Fwww.w3.org%2F2000%2Fsvg%22%3E%3Crect%20width%3D%22100%%22%20height%3D%22100%%22%20fill%3D%22transparent%22%2F%3E%3C%2Fsvg%3E\" alt=\"Moda e cultura milanese\" width=\"1024\" height=\"1024\" \/>\n\n<p>Chi sceglie Milano lo capisce presto: questa citt\u00e0 ti restituisce ci\u00f2 che le offri. Premia la curiosit\u00e0, la creativit\u00e0, la voglia di partecipare. Che tu venga per lavoro, per amore o per cambiare vita, Milano ti invita a farne parte, non solo a guardarla da fuori.<\/p>\n<\/section>\n\n<section>\n<h2 style=\"color: var(--brand);\">Inizia il tuo viaggio milanese<\/h2>\n<img loading=\"lazy\" decoding=\"async\" decoding=async data-opt-id=368488415  data-opt-src=\"https:\/\/mli3dflm07d6.i.optimole.com\/cb:1X0z.189\/w:auto\/h:auto\/q:mauto\/f:best\/https:\/\/ilcentro.net\/wp-content\/uploads\/2025\/05\/parco-sempione-scaled.png\"  src=\"data:image\/svg+xml,%3Csvg%20viewBox%3D%220%200%20100%%20100%%22%20width%3D%22100%%22%20height%3D%22100%%22%20xmlns%3D%22http%3A%2F%2Fwww.w3.org%2F2000%2Fsvg%22%3E%3Crect%20width%3D%22100%%22%20height%3D%22100%%22%20fill%3D%22transparent%22%2F%3E%3C%2Fsvg%3E\" alt=\"Vieni a Milano e impara l\u2019italiano\" width=\"2560\" height=\"1435\" \/>\n\n<p>Se hai sempre sognato di vivere la \u201cdolce vita\u201d in chiave moderna, Milano \u00e8 la citt\u00e0 giusta per te: cosmopolita, efficiente, accogliente, dove tradizione e innovazione si incontrano in perfetto equilibrio.<\/p>\n\n<p><strong>Scopri i nostri <a style=\"color: var(--brand); text-decoration: none;\" href=\"https:\/\/ilcentro.net\/course\/\" target=\"_blank\" rel=\"noopener\">corsi di lingua italiana nel cuore di Milano<\/a><\/strong> e <strong>vivi l\u2019italiano a Milano<\/strong> \u2014 non da turista, ma da vero milanese. Per <strong><a href=\"https:\/\/it.wikipedia.org\/wiki\/Quadro_comune_europeo_di_riferimento_per_la_conoscenza_delle_lingue\" target=\"_blank\" rel=\"noopener\">tutti i livelli.<\/a> Ti aspettiamo!<\/strong><\/p>\n<\/section>\n\n<\/article>\n<\/div>\n\t\t\t\t\t\t<\/div>\n\t\t\t\t<\/div>\n\t\t\t\t\t<\/div>\n\t\t\t\t<\/div>\n\t\t\t\t<\/div>\n\t\t","protected":false},"excerpt":{"rendered":"<p>Da Londra a Los Angeles, cittadini da tutto il mondo scelgono Milano non solo per le sue opportunit\u00e0 \u2014 ma per la sua anima. La rinascita di una Milano moderna Per anni, Milano \u00e8 stata conosciuta soprattutto come la capitale economica d\u2019Italia \u2014 la citt\u00e0 della finanza, della moda e dell\u2019industria. Ma nell\u2019ultimo decennio \u00e8 [&hellip;]<\/p>\n","protected":false},"author":3,"featured_media":21397,"comment_status":"closed","ping_status":"closed","sticky":false,"template":"","format":"standard","meta":{"_acf_changed":false,"_joinchat":[],"footnotes":""},"categories":[13],"tags":[51,202,802,629,52,801],"class_list":["post-21445","post","type-post","status-publish","format-standard","has-post-thumbnail","hentry","category-non-categorizzato","tag-corsi-di-lingua-italiana","tag-imparare-italiano","tag-la-rinascita-di-milano","tag-milano","tag-scuola-di-italiano","tag-vivere-litaliano-a-milano"],"acf":[],"yoast_head":"<!-- This site is optimized with the Yoast SEO Premium plugin v27.4 (Yoast SEO v27.4) - https:\/\/yoast.com\/product\/yoast-seo-premium-wordpress\/ -->\n<title>Vivere l\u2019Italiano a Milano: la citt\u00e0 che ti conquista - Il Centro<\/title>\n<meta name=\"description\" content=\"Scopri Milano, dove si vive l\u2019italiano tra arte, design e aperitivi. Moderna, accogliente e autentica: l\u2019Italia da vivere ogni giorno.\" \/>\n<meta name=\"robots\" content=\"index, follow, max-snippet:-1, max-image-preview:large, max-video-preview:-1\" \/>\n<link rel=\"canonical\" href=\"https:\/\/ilcentro.net\/it\/vivere-litaliano-a-milano-la-citta-piu-moderna-ditalia-che-conquista-viaggiatori-da-tutto-il-mondo\/\" \/>\n<meta property=\"og:locale\" content=\"it_IT\" \/>\n<meta property=\"og:type\" content=\"article\" \/>\n<meta property=\"og:title\" content=\"Vivere l\u2019Italiano a Milano: la citt\u00e0 pi\u00f9 moderna d\u2019Italia che conquista viaggiatori da tutto il mondo\" \/>\n<meta property=\"og:description\" content=\"Scopri Milano, dove si vive l\u2019italiano tra arte, design e aperitivi. Moderna, accogliente e autentica: l\u2019Italia da vivere ogni giorno.\" \/>\n<meta property=\"og:url\" content=\"https:\/\/ilcentro.net\/it\/vivere-litaliano-a-milano-la-citta-piu-moderna-ditalia-che-conquista-viaggiatori-da-tutto-il-mondo\/\" \/>\n<meta property=\"og:site_name\" content=\"Imparare l&#039;Italiano in Italia \u2013 Scuola e corsi di lingua italiana a Milano e online | Il Centro\" \/>\n<meta property=\"article:published_time\" content=\"2025-11-20T06:15:00+00:00\" \/>\n<meta property=\"og:image\" content=\"https:\/\/mli3dflm07d6.i.optimole.com\/cb:1X0z.189\/w:1024\/h:683\/q:mauto\/f:best\/https:\/\/ilcentro.net\/wp-content\/uploads\/2025\/10\/milano.png\" \/>\n\t<meta property=\"og:image:width\" content=\"1024\" \/>\n\t<meta property=\"og:image:height\" content=\"683\" \/>\n\t<meta property=\"og:image:type\" content=\"image\/png\" \/>\n<meta name=\"author\" content=\"Patrizia\" \/>\n<meta name=\"twitter:card\" content=\"summary_large_image\" \/>\n<meta name=\"twitter:label1\" content=\"Scritto da\" \/>\n\t<meta name=\"twitter:data1\" content=\"Patrizia\" \/>\n\t<meta name=\"twitter:label2\" content=\"Tempo di lettura stimato\" \/>\n\t<meta name=\"twitter:data2\" content=\"6 minuti\" \/>\n<script type=\"application\/ld+json\" class=\"yoast-schema-graph\">{\"@context\":\"https:\\\/\\\/schema.org\",\"@graph\":[{\"@type\":\"Article\",\"@id\":\"https:\\\/\\\/ilcentro.net\\\/it\\\/vivere-litaliano-a-milano-la-citta-piu-moderna-ditalia-che-conquista-viaggiatori-da-tutto-il-mondo\\\/#article\",\"isPartOf\":{\"@id\":\"https:\\\/\\\/ilcentro.net\\\/it\\\/vivere-litaliano-a-milano-la-citta-piu-moderna-ditalia-che-conquista-viaggiatori-da-tutto-il-mondo\\\/\"},\"author\":{\"name\":\"Patrizia\",\"@id\":\"https:\\\/\\\/ilcentro.net\\\/it\\\/#\\\/schema\\\/person\\\/75e0a785acc7f3778785eac2b298d603\"},\"headline\":\"Vivere l\u2019Italiano a Milano: la citt\u00e0 pi\u00f9 moderna d\u2019Italia che conquista viaggiatori da tutto il mondo\",\"datePublished\":\"2025-11-20T06:15:00+00:00\",\"mainEntityOfPage\":{\"@id\":\"https:\\\/\\\/ilcentro.net\\\/it\\\/vivere-litaliano-a-milano-la-citta-piu-moderna-ditalia-che-conquista-viaggiatori-da-tutto-il-mondo\\\/\"},\"wordCount\":946,\"publisher\":{\"@id\":\"https:\\\/\\\/ilcentro.net\\\/it\\\/#organization\"},\"image\":{\"@id\":\"https:\\\/\\\/ilcentro.net\\\/it\\\/vivere-litaliano-a-milano-la-citta-piu-moderna-ditalia-che-conquista-viaggiatori-da-tutto-il-mondo\\\/#primaryimage\"},\"thumbnailUrl\":\"https:\\/\\/ilcentro.net\\/wp-content\\/uploads\\/2025\\/10\\/milano.png\",\"keywords\":[\"corsi di lingua italiana\",\"imparare italiano\",\"la rinascita di Milano\",\"Milano\",\"scuola di italiano\",\"Vivere l\u2019Italiano a Milano\"],\"articleSection\":[\"Non categorizzato\"],\"inLanguage\":\"it-IT\"},{\"@type\":\"WebPage\",\"@id\":\"https:\\\/\\\/ilcentro.net\\\/it\\\/vivere-litaliano-a-milano-la-citta-piu-moderna-ditalia-che-conquista-viaggiatori-da-tutto-il-mondo\\\/\",\"url\":\"https:\\\/\\\/ilcentro.net\\\/it\\\/vivere-litaliano-a-milano-la-citta-piu-moderna-ditalia-che-conquista-viaggiatori-da-tutto-il-mondo\\\/\",\"name\":\"Vivere l\u2019Italiano a Milano: la citt\u00e0 che ti conquista - Il Centro\",\"isPartOf\":{\"@id\":\"https:\\\/\\\/ilcentro.net\\\/it\\\/#website\"},\"primaryImageOfPage\":{\"@id\":\"https:\\\/\\\/ilcentro.net\\\/it\\\/vivere-litaliano-a-milano-la-citta-piu-moderna-ditalia-che-conquista-viaggiatori-da-tutto-il-mondo\\\/#primaryimage\"},\"image\":{\"@id\":\"https:\\\/\\\/ilcentro.net\\\/it\\\/vivere-litaliano-a-milano-la-citta-piu-moderna-ditalia-che-conquista-viaggiatori-da-tutto-il-mondo\\\/#primaryimage\"},\"thumbnailUrl\":\"https:\\/\\/ilcentro.net\\/wp-content\\/uploads\\/2025\\/10\\/milano.png\",\"datePublished\":\"2025-11-20T06:15:00+00:00\",\"description\":\"Scopri Milano, dove si vive l\u2019italiano tra arte, design e aperitivi. Moderna, accogliente e autentica: l\u2019Italia da vivere ogni giorno.\",\"breadcrumb\":{\"@id\":\"https:\\\/\\\/ilcentro.net\\\/it\\\/vivere-litaliano-a-milano-la-citta-piu-moderna-ditalia-che-conquista-viaggiatori-da-tutto-il-mondo\\\/#breadcrumb\"},\"inLanguage\":\"it-IT\",\"potentialAction\":[{\"@type\":\"ReadAction\",\"target\":[\"https:\\\/\\\/ilcentro.net\\\/it\\\/vivere-litaliano-a-milano-la-citta-piu-moderna-ditalia-che-conquista-viaggiatori-da-tutto-il-mondo\\\/\"]}]},{\"@type\":\"ImageObject\",\"inLanguage\":\"it-IT\",\"@id\":\"https:\\\/\\\/ilcentro.net\\\/it\\\/vivere-litaliano-a-milano-la-citta-piu-moderna-ditalia-che-conquista-viaggiatori-da-tutto-il-mondo\\\/#primaryimage\",\"url\":\"https:\\/\\/ilcentro.net\\/wp-content\\/uploads\\/2025\\/10\\/milano.png\",\"contentUrl\":\"https:\\/\\/ilcentro.net\\/wp-content\\/uploads\\/2025\\/10\\/milano.png\",\"width\":1536,\"height\":1024,\"caption\":\"Milan\u2019s New Renaissance: Why the World\u2019s Travelers Are Falling in Love with Italy\u2019s Most Modern City\"},{\"@type\":\"BreadcrumbList\",\"@id\":\"https:\\\/\\\/ilcentro.net\\\/it\\\/vivere-litaliano-a-milano-la-citta-piu-moderna-ditalia-che-conquista-viaggiatori-da-tutto-il-mondo\\\/#breadcrumb\",\"itemListElement\":[{\"@type\":\"ListItem\",\"position\":1,\"name\":\"Home\",\"item\":\"https:\\\/\\\/ilcentro.net\\\/it\\\/\"},{\"@type\":\"ListItem\",\"position\":2,\"name\":\"Vivere l\u2019Italiano a Milano: la citt\u00e0 pi\u00f9 moderna d\u2019Italia che conquista viaggiatori da tutto il mondo\"}]},{\"@type\":\"WebSite\",\"@id\":\"https:\\\/\\\/ilcentro.net\\\/it\\\/#website\",\"url\":\"https:\\\/\\\/ilcentro.net\\\/it\\\/\",\"name\":\"Il Centro\",\"description\":\"Corsi di lingua italiana e scuola per stranieri, a Milano e Online\",\"publisher\":{\"@id\":\"https:\\\/\\\/ilcentro.net\\\/it\\\/#organization\"},\"potentialAction\":[{\"@type\":\"SearchAction\",\"target\":{\"@type\":\"EntryPoint\",\"urlTemplate\":\"https:\\\/\\\/ilcentro.net\\\/it\\\/?s={search_term_string}\"},\"query-input\":{\"@type\":\"PropertyValueSpecification\",\"valueRequired\":true,\"valueName\":\"search_term_string\"}}],\"inLanguage\":\"it-IT\"},{\"@type\":\"Organization\",\"@id\":\"https:\\\/\\\/ilcentro.net\\\/it\\\/#organization\",\"name\":\"Il Centro\",\"url\":\"https:\\\/\\\/ilcentro.net\\\/it\\\/\",\"logo\":{\"@type\":\"ImageObject\",\"inLanguage\":\"it-IT\",\"@id\":\"https:\\\/\\\/ilcentro.net\\\/it\\\/#\\\/schema\\\/logo\\\/image\\\/\",\"url\":\"https:\\/\\/ilcentro.net\\/wp-content\\/uploads\\/2024\\/09\\/ilcentro_logo-1.jpg\",\"contentUrl\":\"https:\\/\\/ilcentro.net\\/wp-content\\/uploads\\/2024\\/09\\/ilcentro_logo-1.jpg\",\"width\":304,\"height\":118,\"caption\":\"Il Centro\"},\"image\":{\"@id\":\"https:\\\/\\\/ilcentro.net\\\/it\\\/#\\\/schema\\\/logo\\\/image\\\/\"}},{\"@type\":\"Person\",\"@id\":\"https:\\\/\\\/ilcentro.net\\\/it\\\/#\\\/schema\\\/person\\\/75e0a785acc7f3778785eac2b298d603\",\"name\":\"Patrizia\",\"image\":{\"@type\":\"ImageObject\",\"inLanguage\":\"it-IT\",\"@id\":\"https:\\\/\\\/secure.gravatar.com\\\/avatar\\\/858f80e11d66f9b46da6d476a249fd512f34d340545c106175e60cb8f265c40b?s=96&d=mm&r=g\",\"url\":\"https:\\\/\\\/secure.gravatar.com\\\/avatar\\\/858f80e11d66f9b46da6d476a249fd512f34d340545c106175e60cb8f265c40b?s=96&d=mm&r=g\",\"contentUrl\":\"https:\\\/\\\/secure.gravatar.com\\\/avatar\\\/858f80e11d66f9b46da6d476a249fd512f34d340545c106175e60cb8f265c40b?s=96&d=mm&r=g\",\"caption\":\"Patrizia\"}}]}<\/script>\n<!-- \/ Yoast SEO Premium plugin. -->","yoast_head_json":{"title":"Vivere l\u2019Italiano a Milano: la citt\u00e0 che ti conquista - Il Centro","description":"Scopri Milano, dove si vive l\u2019italiano tra arte, design e aperitivi. Moderna, accogliente e autentica: l\u2019Italia da vivere ogni giorno.","robots":{"index":"index","follow":"follow","max-snippet":"max-snippet:-1","max-image-preview":"max-image-preview:large","max-video-preview":"max-video-preview:-1"},"canonical":"https:\/\/ilcentro.net\/it\/vivere-litaliano-a-milano-la-citta-piu-moderna-ditalia-che-conquista-viaggiatori-da-tutto-il-mondo\/","og_locale":"it_IT","og_type":"article","og_title":"Vivere l\u2019Italiano a Milano: la citt\u00e0 pi\u00f9 moderna d\u2019Italia che conquista viaggiatori da tutto il mondo","og_description":"Scopri Milano, dove si vive l\u2019italiano tra arte, design e aperitivi. Moderna, accogliente e autentica: l\u2019Italia da vivere ogni giorno.","og_url":"https:\/\/ilcentro.net\/it\/vivere-litaliano-a-milano-la-citta-piu-moderna-ditalia-che-conquista-viaggiatori-da-tutto-il-mondo\/","og_site_name":"Imparare l&#039;Italiano in Italia \u2013 Scuola e corsi di lingua italiana a Milano e online | Il Centro","article_published_time":"2025-11-20T06:15:00+00:00","og_image":[{"width":1024,"height":683,"url":"https:\/\/mli3dflm07d6.i.optimole.com\/cb:1X0z.189\/w:1024\/h:683\/q:mauto\/f:best\/https:\/\/ilcentro.net\/wp-content\/uploads\/2025\/10\/milano.png","type":"image\/png"}],"author":"Patrizia","twitter_card":"summary_large_image","twitter_misc":{"Scritto da":"Patrizia","Tempo di lettura stimato":"6 minuti"},"schema":{"@context":"https:\/\/schema.org","@graph":[{"@type":"Article","@id":"https:\/\/ilcentro.net\/it\/vivere-litaliano-a-milano-la-citta-piu-moderna-ditalia-che-conquista-viaggiatori-da-tutto-il-mondo\/#article","isPartOf":{"@id":"https:\/\/ilcentro.net\/it\/vivere-litaliano-a-milano-la-citta-piu-moderna-ditalia-che-conquista-viaggiatori-da-tutto-il-mondo\/"},"author":{"name":"Patrizia","@id":"https:\/\/ilcentro.net\/it\/#\/schema\/person\/75e0a785acc7f3778785eac2b298d603"},"headline":"Vivere l\u2019Italiano a Milano: la citt\u00e0 pi\u00f9 moderna d\u2019Italia che conquista viaggiatori da tutto il mondo","datePublished":"2025-11-20T06:15:00+00:00","mainEntityOfPage":{"@id":"https:\/\/ilcentro.net\/it\/vivere-litaliano-a-milano-la-citta-piu-moderna-ditalia-che-conquista-viaggiatori-da-tutto-il-mondo\/"},"wordCount":946,"publisher":{"@id":"https:\/\/ilcentro.net\/it\/#organization"},"image":{"@id":"https:\/\/ilcentro.net\/it\/vivere-litaliano-a-milano-la-citta-piu-moderna-ditalia-che-conquista-viaggiatori-da-tutto-il-mondo\/#primaryimage"},"thumbnailUrl":"https:\/\/mli3dflm07d6.i.optimole.com\/cb:1X0z.189\/w:auto\/h:auto\/q:mauto\/f:best\/https:\/\/ilcentro.net\/wp-content\/uploads\/2025\/10\/milano.png","keywords":["corsi di lingua italiana","imparare italiano","la rinascita di Milano","Milano","scuola di italiano","Vivere l\u2019Italiano a Milano"],"articleSection":["Non categorizzato"],"inLanguage":"it-IT"},{"@type":"WebPage","@id":"https:\/\/ilcentro.net\/it\/vivere-litaliano-a-milano-la-citta-piu-moderna-ditalia-che-conquista-viaggiatori-da-tutto-il-mondo\/","url":"https:\/\/ilcentro.net\/it\/vivere-litaliano-a-milano-la-citta-piu-moderna-ditalia-che-conquista-viaggiatori-da-tutto-il-mondo\/","name":"Vivere l\u2019Italiano a Milano: la citt\u00e0 che ti conquista - Il Centro","isPartOf":{"@id":"https:\/\/ilcentro.net\/it\/#website"},"primaryImageOfPage":{"@id":"https:\/\/ilcentro.net\/it\/vivere-litaliano-a-milano-la-citta-piu-moderna-ditalia-che-conquista-viaggiatori-da-tutto-il-mondo\/#primaryimage"},"image":{"@id":"https:\/\/ilcentro.net\/it\/vivere-litaliano-a-milano-la-citta-piu-moderna-ditalia-che-conquista-viaggiatori-da-tutto-il-mondo\/#primaryimage"},"thumbnailUrl":"https:\/\/mli3dflm07d6.i.optimole.com\/cb:1X0z.189\/w:auto\/h:auto\/q:mauto\/f:best\/https:\/\/ilcentro.net\/wp-content\/uploads\/2025\/10\/milano.png","datePublished":"2025-11-20T06:15:00+00:00","description":"Scopri Milano, dove si vive l\u2019italiano tra arte, design e aperitivi. Moderna, accogliente e autentica: l\u2019Italia da vivere ogni giorno.","breadcrumb":{"@id":"https:\/\/ilcentro.net\/it\/vivere-litaliano-a-milano-la-citta-piu-moderna-ditalia-che-conquista-viaggiatori-da-tutto-il-mondo\/#breadcrumb"},"inLanguage":"it-IT","potentialAction":[{"@type":"ReadAction","target":["https:\/\/ilcentro.net\/it\/vivere-litaliano-a-milano-la-citta-piu-moderna-ditalia-che-conquista-viaggiatori-da-tutto-il-mondo\/"]}]},{"@type":"ImageObject","inLanguage":"it-IT","@id":"https:\/\/ilcentro.net\/it\/vivere-litaliano-a-milano-la-citta-piu-moderna-ditalia-che-conquista-viaggiatori-da-tutto-il-mondo\/#primaryimage","url":"https:\/\/mli3dflm07d6.i.optimole.com\/cb:1X0z.189\/w:auto\/h:auto\/q:mauto\/f:best\/https:\/\/ilcentro.net\/wp-content\/uploads\/2025\/10\/milano.png","contentUrl":"https:\/\/mli3dflm07d6.i.optimole.com\/cb:1X0z.189\/w:auto\/h:auto\/q:mauto\/f:best\/https:\/\/ilcentro.net\/wp-content\/uploads\/2025\/10\/milano.png","width":1536,"height":1024,"caption":"Milan\u2019s New Renaissance: Why the World\u2019s Travelers Are Falling in Love with Italy\u2019s Most Modern City"},{"@type":"BreadcrumbList","@id":"https:\/\/ilcentro.net\/it\/vivere-litaliano-a-milano-la-citta-piu-moderna-ditalia-che-conquista-viaggiatori-da-tutto-il-mondo\/#breadcrumb","itemListElement":[{"@type":"ListItem","position":1,"name":"Home","item":"https:\/\/ilcentro.net\/it\/"},{"@type":"ListItem","position":2,"name":"Vivere l\u2019Italiano a Milano: la citt\u00e0 pi\u00f9 moderna d\u2019Italia che conquista viaggiatori da tutto il mondo"}]},{"@type":"WebSite","@id":"https:\/\/ilcentro.net\/it\/#website","url":"https:\/\/ilcentro.net\/it\/","name":"Il Centro","description":"Corsi di lingua italiana e scuola per stranieri, a Milano e Online","publisher":{"@id":"https:\/\/ilcentro.net\/it\/#organization"},"potentialAction":[{"@type":"SearchAction","target":{"@type":"EntryPoint","urlTemplate":"https:\/\/ilcentro.net\/it\/?s={search_term_string}"},"query-input":{"@type":"PropertyValueSpecification","valueRequired":true,"valueName":"search_term_string"}}],"inLanguage":"it-IT"},{"@type":"Organization","@id":"https:\/\/ilcentro.net\/it\/#organization","name":"Il Centro","url":"https:\/\/ilcentro.net\/it\/","logo":{"@type":"ImageObject","inLanguage":"it-IT","@id":"https:\/\/ilcentro.net\/it\/#\/schema\/logo\/image\/","url":"https:\/\/mli3dflm07d6.i.optimole.com\/cb:1X0z.189\/w:auto\/h:auto\/q:mauto\/f:best\/https:\/\/ilcentro.net\/wp-content\/uploads\/2024\/09\/ilcentro_logo-1.jpg","contentUrl":"https:\/\/mli3dflm07d6.i.optimole.com\/cb:1X0z.189\/w:auto\/h:auto\/q:mauto\/f:best\/https:\/\/ilcentro.net\/wp-content\/uploads\/2024\/09\/ilcentro_logo-1.jpg","width":304,"height":118,"caption":"Il Centro"},"image":{"@id":"https:\/\/ilcentro.net\/it\/#\/schema\/logo\/image\/"}},{"@type":"Person","@id":"https:\/\/ilcentro.net\/it\/#\/schema\/person\/75e0a785acc7f3778785eac2b298d603","name":"Patrizia","image":{"@type":"ImageObject","inLanguage":"it-IT","@id":"https:\/\/secure.gravatar.com\/avatar\/858f80e11d66f9b46da6d476a249fd512f34d340545c106175e60cb8f265c40b?s=96&d=mm&r=g","url":"https:\/\/secure.gravatar.com\/avatar\/858f80e11d66f9b46da6d476a249fd512f34d340545c106175e60cb8f265c40b?s=96&d=mm&r=g","contentUrl":"https:\/\/secure.gravatar.com\/avatar\/858f80e11d66f9b46da6d476a249fd512f34d340545c106175e60cb8f265c40b?s=96&d=mm&r=g","caption":"Patrizia"}}]}},"_links":{"self":[{"href":"https:\/\/ilcentro.net\/it\/wp-json\/wp\/v2\/posts\/21445","targetHints":{"allow":["GET"]}}],"collection":[{"href":"https:\/\/ilcentro.net\/it\/wp-json\/wp\/v2\/posts"}],"about":[{"href":"https:\/\/ilcentro.net\/it\/wp-json\/wp\/v2\/types\/post"}],"author":[{"embeddable":true,"href":"https:\/\/ilcentro.net\/it\/wp-json\/wp\/v2\/users\/3"}],"replies":[{"embeddable":true,"href":"https:\/\/ilcentro.net\/it\/wp-json\/wp\/v2\/comments?post=21445"}],"version-history":[{"count":30,"href":"https:\/\/ilcentro.net\/it\/wp-json\/wp\/v2\/posts\/21445\/revisions"}],"predecessor-version":[{"id":21478,"href":"https:\/\/ilcentro.net\/it\/wp-json\/wp\/v2\/posts\/21445\/revisions\/21478"}],"wp:featuredmedia":[{"embeddable":true,"href":"https:\/\/ilcentro.net\/it\/wp-json\/wp\/v2\/media\/21397"}],"wp:attachment":[{"href":"https:\/\/ilcentro.net\/it\/wp-json\/wp\/v2\/media?parent=21445"}],"wp:term":[{"taxonomy":"category","embeddable":true,"href":"https:\/\/ilcentro.net\/it\/wp-json\/wp\/v2\/categories?post=21445"},{"taxonomy":"post_tag","embeddable":true,"href":"https:\/\/ilcentro.net\/it\/wp-json\/wp\/v2\/tags?post=21445"}],"curies":[{"name":"wp","href":"https:\/\/api.w.org\/{rel}","templated":true}]}}