{"id":14670,"date":"2025-05-26T15:27:50","date_gmt":"2025-05-26T15:27:50","guid":{"rendered":"https:\/\/ilcentro.net\/?p=14670"},"modified":"2025-05-27T13:24:12","modified_gmt":"2025-05-27T13:24:12","slug":"una-lezione-di-grammatica-italiana-davvero-originale-con-giusi-e-i-nostri-studenti","status":"publish","type":"post","link":"https:\/\/ilcentro.net\/it\/una-lezione-di-grammatica-italiana-davvero-originale-con-giusi-e-i-nostri-studenti\/","title":{"rendered":"Una lezione di grammatica Italiana con Giusi e i nostri studenti."},"content":{"rendered":"<div style=\"text-align: justify;\">\n<article lang=\"it\">\n<h2>\u00abHanno ucciso l\u2019Uomo Ragno\u00bb\u2026 e noi abbiamo ricostruito il dialogo!<\/h2>\n<p>Chi l\u2019ha detto che una <strong>lezione di grammatica Italiana<\/strong> debba essere noiosa? In classe con Giusi, i nostri studenti (di livello avanzato) hanno partecipato a un\u2019attivit\u00e0 davvero speciale: divisi in squadre, hanno ricostruito un dialogo tratto dalla serie TV <em>\u00abHanno ucciso l\u2019Uomo Ragno\u00bb<\/em>. Un\u2019occasione per imparare la lingua in modo autentico, creativo e coinvolgente.<\/p>\n<p><strong>L\u2019obiettivo?<\/strong> Allenare la grammatica, certo. Ma anche divertirsi, collaborare, ragionare sulla lingua attraverso il gioco e la competizione.<\/p>\n<p>Il risultato \u00e8 stato cos\u00ec entusiasmante che abbiamo deciso di trasformarlo in un video.<\/p>\n<p><strong>&#x1f3ac; Guarda il video completo:<\/strong><\/p>\n<div style=\"position: relative; padding-bottom: 56.25%; height: 0; overflow: hidden; max-width: 100%; margin-bottom: 1em;\"><iframe style=\"position: absolute; top: 0; left: 0; width: 100%; height: 100%;\" title=\"Hanno ucciso l\u2019Uomo Ragno \u2013 attivit\u00e0 Il Centro\" src=\"https:\/\/www.youtube.com\/embed\/URZwhJWbL1Q\" frameborder=\"0\" allowfullscreen=\"allowfullscreen\"><br \/>\n<\/iframe><\/div>\n<h2>S\u00ec, l\u2019Italiano si pu\u00f2 imparare anche cos\u00ec<\/h2>\n<p>La scena scelta \u00e8 stata lo spunto perfetto per lavorare sulle caratteristiche della lingua parlata.<\/p>\n<p>In aula si respirava entusiasmo: grammatica e collaborazione, video e creativit\u00e0, gioco e riflessione. Tutto in una sola lezione? S\u00ec, ed \u00e8 proprio cos\u00ec che insegniamo l&#8217;Italiano a Il Centro!<\/p>\n<p>&#x1f3ac; <strong data-start=\"190\" data-end=\"228\">Dietro le quinte\u2026 ma con passione! <\/strong>L&#8217;insegnante \u00e8 un po\u2019 come un regista: guida, suggerisce, osserva. Ma i veri protagonisti della scena sono gli studenti! Sono loro a mettersi in gioco, a collaborare, a trovare soluzioni creative usando la lingua.<\/p>\n<h2>Il nostro metodo: serio, ma mai serioso<\/h2>\n<p>Amiamo la lingua Italiana, ma non le lezioni rigide e ripetitive. Per questo ogni giorno proponiamo attivit\u00e0 ispirate a situazioni reali: un dialogo tratto da una serie, una canzone, una scena di vita quotidiana.<\/p>\n<p>&#x1f449; <a href=\"https:\/\/ilcentro.net\/it\/metodo-di-apprendimento-dell-italiano\/\" target=\"_blank\" rel=\"noopener\">Scopri di pi\u00f9 sul nostro metodo di insegnamento<\/a><\/p>\n<ul>\n<li><strong>Comunicativo:<\/strong> impari l\u2019Italiano per usarlo davvero<\/li>\n<li><strong>Dinamico:<\/strong> parli, ti muovi, ascolti, ti confronti<\/li>\n<li><strong>Coinvolgente:<\/strong> ti emozioni, e le emozioni aiutano la memoria<\/li>\n<li><strong>Su misura:<\/strong> ogni lezione si adatta al gruppo, alla giornata, alle esigenze degli studenti<\/li>\n<\/ul>\n<h2>Perch\u00e9 portare una serie TV in classe?<\/h2>\n<p>Perch\u00e9 \u00e8 <strong>attuale,<\/strong> stimola la curiosit\u00e0 e mostra la lingua viva, cos\u00ec com\u2019\u00e8 davvero parlata.<\/p>\n<p>I video sono parte integrante delle nostre lezioni: non solo da guardare, ma da analizzare, ricostruire, commentare. In questo caso, <em>\u00abHanno ucciso l\u2019Uomo Ragno\u00bb<\/em> ha creato il contesto perfetto per una <strong>lezione di grammatica Italiana<\/strong> in cui <strong>l&#8217;errore non spaventa, ma fa parte del gioco.<\/strong><\/p>\n<h2>Cosa ci hanno detto gli studenti?<\/h2>\n<blockquote><p>&#x1f4ac; \u00abNon pensavo che una lezione di grammatica potesse essere cos\u00ec divertente!\u00bb<\/p><\/blockquote>\n<blockquote><p>&#x1f4ac; \u00abMi \u00e8 piaciuto lavorare in squadra: ho imparato anche dalle idee degli altri.\u00bb<\/p><\/blockquote>\n<blockquote><p>&#x1f4ac; \u00abRiconoscevo alcune battute, mi sentivo parte della scena!\u00bb<\/p><\/blockquote>\n<p>\u00c8 questo lo spirito con cui insegniamo l\u2019Italiano ogni giorno.<\/p>\n<h2>Vieni a scoprire le nostre lezioni<\/h2>\n<p>Nella nostra scuola non ci limitiamo a spiegare la grammatica: la mettiamo in scena, la viviamo insieme agli studenti.<\/p>\n<p>Vuoi vedere il nostro metodo in azione? Guarda il video su YouTube. E se sei a Milano, ti aspettiamo in aula!<\/p>\n<p>&#x1f4cd; <a href=\"https:\/\/www.google.it\/maps\/place\/Centro+Di+Lingua+E+Cultura+Italiana+Per+Stranieri+s.r.l.\/@45.470233,9.1821533,16z\" target=\"_blank\" rel=\"noopener\"><strong>Il Centro \u2013 Scuola di Italiano per stranieri<\/strong><\/a><\/p>\n<p>&#x1f4fa; <strong>Video su YouTube:<\/strong><br \/>\n<a href=\"https:\/\/www.youtube.com\/watch?v=9DLEWSQMwuM\" target=\"_blank\" rel=\"noopener\"><br \/>\nLa nostra scuola di Italiano a Milano<br \/>\n<\/a><\/p>\n<h2 style=\"margin-top: 2em; font-size: 1.6em;\">&#x2600;&#xfe0f; Rendi speciale la tua estate con i nostri corsi di Italiano!<\/h2>\n<p style=\"font-size: 1.05em;\">Ti \u00e8 piaciuta questa attivit\u00e0? Allora amerai i nostri <strong>corsi estivi di Italiano<\/strong> a Milano! Ogni livello, ogni esigenza, un unico obiettivo: imparare divertendosi.<\/p>\n<ul style=\"list-style: '&#x1f4c5; '; padding-left: 1.2em; line-height: 1.6;\">\n<li><strong>Giugno e Luglio:<\/strong> Inizia la giornata con l\u2019Italiano! Scopri i nostri<a href=\"https:\/\/ilcentro.net\/it\/impara-litaliano-corsi-mattutini-a-milano\/\" target=\"_blank\" rel=\"noopener\"><br \/>\n<strong>Corsi di Italiano al mattino<\/strong><\/a>, ideali per chi vuole migliorare velocemente e vivere la citt\u00e0. <a href=\"https:\/\/it.wikipedia.org\/wiki\/Quadro_comune_europeo_di_riferimento_per_la_conoscenza_delle_lingue\" target=\"_blank\" rel=\"noopener\"><strong>Tutti i livelli<\/strong><\/a>.<\/li>\n<li><strong>Agosto:<\/strong> Cerchi una Milano pi\u00f9 tranquilla e lezioni pi\u00f9 personalizzate?<a href=\"https:\/\/ilcentro.net\/it\/ad-agosto-scegli-milano-impara-litaliano-in-una-citta-tutta-per-te\/\" target=\"_blank\" rel=\"noopener\"><br \/>\n<strong>Scopri perch\u00e9 agosto \u00e8 il mese ideale per studiare Italiano con noi!<\/strong><\/a><\/li>\n<\/ul>\n<p style=\"font-size: 1.05em;\">Che tu venga per una vacanza o per un soggiorno pi\u00f9 lungo, <strong>Il Centro<\/strong> ti offre la combinazione perfetta tra lingua, cultura e atmosfera estiva. &#x1f33f;&#x1f1ee;&#x1f1f9;<\/p>\n<hr \/>\n<p style=\"font-size: 0.9em; color: #666; margin-top: 2em;\">&#x1f4fa; <strong>Crediti:<\/strong> la serie TV <em>\u00abHanno ucciso l\u2019Uomo Ragno\u00bb<\/em> \u00e8 una produzione originale di <strong>Prime Video<\/strong>, ideata da <strong>Niccol\u00f2 Celaia<\/strong> e <strong>Antonio Usbergo<\/strong> (YouNuts!), in collaborazione con <strong>Colapesce &amp; Dimartino<\/strong>. Tutti i diritti riservati ai legittimi proprietari. L\u2019attivit\u00e0 didattica descritta utilizza brevi estratti a fini educativi e non commerciali.<\/p>\n<\/article>\n<\/div>\n","protected":false},"excerpt":{"rendered":"<p>\u00abHanno ucciso l\u2019Uomo Ragno\u00bb\u2026 e noi abbiamo ricostruito il dialogo! Chi l\u2019ha detto che una lezione di grammatica Italiana debba essere noiosa? In classe con Giusi, i nostri studenti (di livello avanzato) hanno partecipato a un\u2019attivit\u00e0 davvero speciale: divisi in squadre, hanno ricostruito un dialogo tratto dalla serie TV \u00abHanno ucciso l\u2019Uomo Ragno\u00bb. Un\u2019occasione per [&hellip;]<\/p>\n","protected":false},"author":3,"featured_media":14644,"comment_status":"open","ping_status":"open","sticky":false,"template":"","format":"standard","meta":{"_acf_changed":false,"_joinchat":[],"footnotes":""},"categories":[13],"tags":[51,437,436,52,53],"class_list":["post-14670","post","type-post","status-publish","format-standard","has-post-thumbnail","hentry","category-non-categorizzato","tag-corsi-di-lingua-italiana","tag-grammatica-italiana","tag-lezione-di-grammatica-italiana","tag-scuola-di-italiano","tag-scuola-di-italiano-per-stranieri"],"acf":[],"yoast_head":"<!-- This site is optimized with the Yoast SEO Premium plugin v27.4 (Yoast SEO v27.4) - https:\/\/yoast.com\/product\/yoast-seo-premium-wordpress\/ -->\n<title>Una lezione di grammatica Italiana davvero originale - Il Centro<\/title>\n<meta name=\"description\" content=\"Una lezione di grammatica Italiana con Giusi e i nostri studenti, abbiamo ricostruito un dialogo di una serie TV.\" \/>\n<meta name=\"robots\" content=\"index, follow, max-snippet:-1, max-image-preview:large, max-video-preview:-1\" \/>\n<link rel=\"canonical\" href=\"https:\/\/ilcentro.net\/it\/una-lezione-di-grammatica-italiana-davvero-originale-con-giusi-e-i-nostri-studenti\/\" \/>\n<meta property=\"og:locale\" content=\"it_IT\" \/>\n<meta property=\"og:type\" content=\"article\" \/>\n<meta property=\"og:title\" content=\"Una lezione di grammatica Italiana davvero originale con Giusi e i nostri studenti.\" \/>\n<meta property=\"og:description\" content=\"\u00abHanno ucciso l\u2019Uomo Ragno\u00bb\u2026 e noi abbiamo ricostruito il dialogo!\" \/>\n<meta property=\"og:url\" content=\"https:\/\/ilcentro.net\/it\/una-lezione-di-grammatica-italiana-davvero-originale-con-giusi-e-i-nostri-studenti\/\" \/>\n<meta property=\"og:site_name\" content=\"Imparare l&#039;Italiano in Italia \u2013 Scuola e corsi di lingua italiana a Milano e online | Il Centro\" \/>\n<meta property=\"article:published_time\" content=\"2025-05-26T15:27:50+00:00\" \/>\n<meta property=\"article:modified_time\" content=\"2025-05-27T13:24:12+00:00\" \/>\n<meta property=\"og:image\" content=\"https:\/\/mli3dflm07d6.i.optimole.com\/cb:1X0z.189\/w:auto\/h:auto\/q:mauto\/f:best\/https:\/\/ilcentro.net\/wp-content\/uploads\/2025\/05\/sofia-articolo.jpeg\" \/>\n\t<meta property=\"og:image:width\" content=\"1284\" \/>\n\t<meta property=\"og:image:height\" content=\"1168\" \/>\n\t<meta property=\"og:image:type\" content=\"image\/jpeg\" \/>\n<meta name=\"author\" content=\"Patrizia\" \/>\n<meta name=\"twitter:card\" content=\"summary_large_image\" \/>\n<meta name=\"twitter:title\" content=\"Una lezione di grammatica Italiana con Giusi e i nostri studenti.\" \/>\n<meta name=\"twitter:label1\" content=\"Scritto da\" \/>\n\t<meta name=\"twitter:data1\" content=\"Patrizia\" \/>\n\t<meta name=\"twitter:label2\" content=\"Tempo di lettura stimato\" \/>\n\t<meta name=\"twitter:data2\" content=\"3 minuti\" \/>\n<script type=\"application\/ld+json\" class=\"yoast-schema-graph\">{\"@context\":\"https:\\\/\\\/schema.org\",\"@graph\":[{\"@type\":\"Article\",\"@id\":\"https:\\\/\\\/ilcentro.net\\\/it\\\/una-lezione-di-grammatica-italiana-davvero-originale-con-giusi-e-i-nostri-studenti\\\/#article\",\"isPartOf\":{\"@id\":\"https:\\\/\\\/ilcentro.net\\\/it\\\/una-lezione-di-grammatica-italiana-davvero-originale-con-giusi-e-i-nostri-studenti\\\/\"},\"author\":{\"name\":\"Patrizia\",\"@id\":\"https:\\\/\\\/ilcentro.net\\\/it\\\/#\\\/schema\\\/person\\\/75e0a785acc7f3778785eac2b298d603\"},\"headline\":\"Una lezione di grammatica Italiana con Giusi e i nostri studenti.\",\"datePublished\":\"2025-05-26T15:27:50+00:00\",\"dateModified\":\"2025-05-27T13:24:12+00:00\",\"mainEntityOfPage\":{\"@id\":\"https:\\\/\\\/ilcentro.net\\\/it\\\/una-lezione-di-grammatica-italiana-davvero-originale-con-giusi-e-i-nostri-studenti\\\/\"},\"wordCount\":669,\"commentCount\":0,\"publisher\":{\"@id\":\"https:\\\/\\\/ilcentro.net\\\/it\\\/#organization\"},\"image\":{\"@id\":\"https:\\\/\\\/ilcentro.net\\\/it\\\/una-lezione-di-grammatica-italiana-davvero-originale-con-giusi-e-i-nostri-studenti\\\/#primaryimage\"},\"thumbnailUrl\":\"https:\\/\\/ilcentro.net\\/wp-content\\/uploads\\/2025\\/05\\/sofia-articolo.jpeg\",\"keywords\":[\"corsi di lingua italiana\",\"grammatica italiana\",\"lezione di grammatica italiana\",\"scuola di italiano\",\"Scuola di italiano per stranieri\"],\"articleSection\":[\"Non categorizzato\"],\"inLanguage\":\"it-IT\",\"potentialAction\":[{\"@type\":\"CommentAction\",\"name\":\"Comment\",\"target\":[\"https:\\\/\\\/ilcentro.net\\\/it\\\/una-lezione-di-grammatica-italiana-davvero-originale-con-giusi-e-i-nostri-studenti\\\/#respond\"]}]},{\"@type\":\"WebPage\",\"@id\":\"https:\\\/\\\/ilcentro.net\\\/it\\\/una-lezione-di-grammatica-italiana-davvero-originale-con-giusi-e-i-nostri-studenti\\\/\",\"url\":\"https:\\\/\\\/ilcentro.net\\\/it\\\/una-lezione-di-grammatica-italiana-davvero-originale-con-giusi-e-i-nostri-studenti\\\/\",\"name\":\"Una lezione di grammatica Italiana davvero originale - Il Centro\",\"isPartOf\":{\"@id\":\"https:\\\/\\\/ilcentro.net\\\/it\\\/#website\"},\"primaryImageOfPage\":{\"@id\":\"https:\\\/\\\/ilcentro.net\\\/it\\\/una-lezione-di-grammatica-italiana-davvero-originale-con-giusi-e-i-nostri-studenti\\\/#primaryimage\"},\"image\":{\"@id\":\"https:\\\/\\\/ilcentro.net\\\/it\\\/una-lezione-di-grammatica-italiana-davvero-originale-con-giusi-e-i-nostri-studenti\\\/#primaryimage\"},\"thumbnailUrl\":\"https:\\/\\/ilcentro.net\\/wp-content\\/uploads\\/2025\\/05\\/sofia-articolo.jpeg\",\"datePublished\":\"2025-05-26T15:27:50+00:00\",\"dateModified\":\"2025-05-27T13:24:12+00:00\",\"description\":\"Una lezione di grammatica Italiana con Giusi e i nostri studenti, abbiamo ricostruito un dialogo di una serie TV.\",\"breadcrumb\":{\"@id\":\"https:\\\/\\\/ilcentro.net\\\/it\\\/una-lezione-di-grammatica-italiana-davvero-originale-con-giusi-e-i-nostri-studenti\\\/#breadcrumb\"},\"inLanguage\":\"it-IT\",\"potentialAction\":[{\"@type\":\"ReadAction\",\"target\":[\"https:\\\/\\\/ilcentro.net\\\/it\\\/una-lezione-di-grammatica-italiana-davvero-originale-con-giusi-e-i-nostri-studenti\\\/\"]}]},{\"@type\":\"ImageObject\",\"inLanguage\":\"it-IT\",\"@id\":\"https:\\\/\\\/ilcentro.net\\\/it\\\/una-lezione-di-grammatica-italiana-davvero-originale-con-giusi-e-i-nostri-studenti\\\/#primaryimage\",\"url\":\"https:\\/\\/ilcentro.net\\/wp-content\\/uploads\\/2025\\/05\\/sofia-articolo.jpeg\",\"contentUrl\":\"https:\\/\\/ilcentro.net\\/wp-content\\/uploads\\/2025\\/05\\/sofia-articolo.jpeg\",\"width\":1284,\"height\":1168,\"caption\":\"Corso Semi-Standard pomeridiano - nuovi corsi di Italiano a Milano\"},{\"@type\":\"BreadcrumbList\",\"@id\":\"https:\\\/\\\/ilcentro.net\\\/it\\\/una-lezione-di-grammatica-italiana-davvero-originale-con-giusi-e-i-nostri-studenti\\\/#breadcrumb\",\"itemListElement\":[{\"@type\":\"ListItem\",\"position\":1,\"name\":\"Home\",\"item\":\"https:\\\/\\\/ilcentro.net\\\/it\\\/\"},{\"@type\":\"ListItem\",\"position\":2,\"name\":\"Una lezione di grammatica Italiana con Giusi e i nostri studenti.\"}]},{\"@type\":\"WebSite\",\"@id\":\"https:\\\/\\\/ilcentro.net\\\/it\\\/#website\",\"url\":\"https:\\\/\\\/ilcentro.net\\\/it\\\/\",\"name\":\"Il Centro\",\"description\":\"Corsi di lingua italiana e scuola per stranieri, a Milano e Online\",\"publisher\":{\"@id\":\"https:\\\/\\\/ilcentro.net\\\/it\\\/#organization\"},\"potentialAction\":[{\"@type\":\"SearchAction\",\"target\":{\"@type\":\"EntryPoint\",\"urlTemplate\":\"https:\\\/\\\/ilcentro.net\\\/it\\\/?s={search_term_string}\"},\"query-input\":{\"@type\":\"PropertyValueSpecification\",\"valueRequired\":true,\"valueName\":\"search_term_string\"}}],\"inLanguage\":\"it-IT\"},{\"@type\":\"Organization\",\"@id\":\"https:\\\/\\\/ilcentro.net\\\/it\\\/#organization\",\"name\":\"Il Centro\",\"url\":\"https:\\\/\\\/ilcentro.net\\\/it\\\/\",\"logo\":{\"@type\":\"ImageObject\",\"inLanguage\":\"it-IT\",\"@id\":\"https:\\\/\\\/ilcentro.net\\\/it\\\/#\\\/schema\\\/logo\\\/image\\\/\",\"url\":\"https:\\/\\/ilcentro.net\\/wp-content\\/uploads\\/2024\\/09\\/ilcentro_logo-1.jpg\",\"contentUrl\":\"https:\\/\\/ilcentro.net\\/wp-content\\/uploads\\/2024\\/09\\/ilcentro_logo-1.jpg\",\"width\":304,\"height\":118,\"caption\":\"Il Centro\"},\"image\":{\"@id\":\"https:\\\/\\\/ilcentro.net\\\/it\\\/#\\\/schema\\\/logo\\\/image\\\/\"}},{\"@type\":\"Person\",\"@id\":\"https:\\\/\\\/ilcentro.net\\\/it\\\/#\\\/schema\\\/person\\\/75e0a785acc7f3778785eac2b298d603\",\"name\":\"Patrizia\",\"image\":{\"@type\":\"ImageObject\",\"inLanguage\":\"it-IT\",\"@id\":\"https:\\\/\\\/secure.gravatar.com\\\/avatar\\\/858f80e11d66f9b46da6d476a249fd512f34d340545c106175e60cb8f265c40b?s=96&d=mm&r=g\",\"url\":\"https:\\\/\\\/secure.gravatar.com\\\/avatar\\\/858f80e11d66f9b46da6d476a249fd512f34d340545c106175e60cb8f265c40b?s=96&d=mm&r=g\",\"contentUrl\":\"https:\\\/\\\/secure.gravatar.com\\\/avatar\\\/858f80e11d66f9b46da6d476a249fd512f34d340545c106175e60cb8f265c40b?s=96&d=mm&r=g\",\"caption\":\"Patrizia\"}}]}<\/script>\n<!-- \/ Yoast SEO Premium plugin. -->","yoast_head_json":{"title":"Una lezione di grammatica Italiana davvero originale - Il Centro","description":"Una lezione di grammatica Italiana con Giusi e i nostri studenti, abbiamo ricostruito un dialogo di una serie TV.","robots":{"index":"index","follow":"follow","max-snippet":"max-snippet:-1","max-image-preview":"max-image-preview:large","max-video-preview":"max-video-preview:-1"},"canonical":"https:\/\/ilcentro.net\/it\/una-lezione-di-grammatica-italiana-davvero-originale-con-giusi-e-i-nostri-studenti\/","og_locale":"it_IT","og_type":"article","og_title":"Una lezione di grammatica Italiana davvero originale con Giusi e i nostri studenti.","og_description":"\u00abHanno ucciso l\u2019Uomo Ragno\u00bb\u2026 e noi abbiamo ricostruito il dialogo!","og_url":"https:\/\/ilcentro.net\/it\/una-lezione-di-grammatica-italiana-davvero-originale-con-giusi-e-i-nostri-studenti\/","og_site_name":"Imparare l&#039;Italiano in Italia \u2013 Scuola e corsi di lingua italiana a Milano e online | Il Centro","article_published_time":"2025-05-26T15:27:50+00:00","article_modified_time":"2025-05-27T13:24:12+00:00","og_image":[{"width":1284,"height":1168,"url":"https:\/\/mli3dflm07d6.i.optimole.com\/cb:1X0z.189\/w:auto\/h:auto\/q:mauto\/f:best\/https:\/\/ilcentro.net\/wp-content\/uploads\/2025\/05\/sofia-articolo.jpeg","type":"image\/jpeg"}],"author":"Patrizia","twitter_card":"summary_large_image","twitter_title":"Una lezione di grammatica Italiana con Giusi e i nostri studenti.","twitter_misc":{"Scritto da":"Patrizia","Tempo di lettura stimato":"3 minuti"},"schema":{"@context":"https:\/\/schema.org","@graph":[{"@type":"Article","@id":"https:\/\/ilcentro.net\/it\/una-lezione-di-grammatica-italiana-davvero-originale-con-giusi-e-i-nostri-studenti\/#article","isPartOf":{"@id":"https:\/\/ilcentro.net\/it\/una-lezione-di-grammatica-italiana-davvero-originale-con-giusi-e-i-nostri-studenti\/"},"author":{"name":"Patrizia","@id":"https:\/\/ilcentro.net\/it\/#\/schema\/person\/75e0a785acc7f3778785eac2b298d603"},"headline":"Una lezione di grammatica Italiana con Giusi e i nostri studenti.","datePublished":"2025-05-26T15:27:50+00:00","dateModified":"2025-05-27T13:24:12+00:00","mainEntityOfPage":{"@id":"https:\/\/ilcentro.net\/it\/una-lezione-di-grammatica-italiana-davvero-originale-con-giusi-e-i-nostri-studenti\/"},"wordCount":669,"commentCount":0,"publisher":{"@id":"https:\/\/ilcentro.net\/it\/#organization"},"image":{"@id":"https:\/\/ilcentro.net\/it\/una-lezione-di-grammatica-italiana-davvero-originale-con-giusi-e-i-nostri-studenti\/#primaryimage"},"thumbnailUrl":"https:\/\/mli3dflm07d6.i.optimole.com\/cb:1X0z.189\/w:auto\/h:auto\/q:mauto\/f:best\/https:\/\/ilcentro.net\/wp-content\/uploads\/2025\/05\/sofia-articolo.jpeg","keywords":["corsi di lingua italiana","grammatica italiana","lezione di grammatica italiana","scuola di italiano","Scuola di italiano per stranieri"],"articleSection":["Non categorizzato"],"inLanguage":"it-IT","potentialAction":[{"@type":"CommentAction","name":"Comment","target":["https:\/\/ilcentro.net\/it\/una-lezione-di-grammatica-italiana-davvero-originale-con-giusi-e-i-nostri-studenti\/#respond"]}]},{"@type":"WebPage","@id":"https:\/\/ilcentro.net\/it\/una-lezione-di-grammatica-italiana-davvero-originale-con-giusi-e-i-nostri-studenti\/","url":"https:\/\/ilcentro.net\/it\/una-lezione-di-grammatica-italiana-davvero-originale-con-giusi-e-i-nostri-studenti\/","name":"Una lezione di grammatica Italiana davvero originale - Il Centro","isPartOf":{"@id":"https:\/\/ilcentro.net\/it\/#website"},"primaryImageOfPage":{"@id":"https:\/\/ilcentro.net\/it\/una-lezione-di-grammatica-italiana-davvero-originale-con-giusi-e-i-nostri-studenti\/#primaryimage"},"image":{"@id":"https:\/\/ilcentro.net\/it\/una-lezione-di-grammatica-italiana-davvero-originale-con-giusi-e-i-nostri-studenti\/#primaryimage"},"thumbnailUrl":"https:\/\/mli3dflm07d6.i.optimole.com\/cb:1X0z.189\/w:auto\/h:auto\/q:mauto\/f:best\/https:\/\/ilcentro.net\/wp-content\/uploads\/2025\/05\/sofia-articolo.jpeg","datePublished":"2025-05-26T15:27:50+00:00","dateModified":"2025-05-27T13:24:12+00:00","description":"Una lezione di grammatica Italiana con Giusi e i nostri studenti, abbiamo ricostruito un dialogo di una serie TV.","breadcrumb":{"@id":"https:\/\/ilcentro.net\/it\/una-lezione-di-grammatica-italiana-davvero-originale-con-giusi-e-i-nostri-studenti\/#breadcrumb"},"inLanguage":"it-IT","potentialAction":[{"@type":"ReadAction","target":["https:\/\/ilcentro.net\/it\/una-lezione-di-grammatica-italiana-davvero-originale-con-giusi-e-i-nostri-studenti\/"]}]},{"@type":"ImageObject","inLanguage":"it-IT","@id":"https:\/\/ilcentro.net\/it\/una-lezione-di-grammatica-italiana-davvero-originale-con-giusi-e-i-nostri-studenti\/#primaryimage","url":"https:\/\/mli3dflm07d6.i.optimole.com\/cb:1X0z.189\/w:auto\/h:auto\/q:mauto\/f:best\/https:\/\/ilcentro.net\/wp-content\/uploads\/2025\/05\/sofia-articolo.jpeg","contentUrl":"https:\/\/mli3dflm07d6.i.optimole.com\/cb:1X0z.189\/w:auto\/h:auto\/q:mauto\/f:best\/https:\/\/ilcentro.net\/wp-content\/uploads\/2025\/05\/sofia-articolo.jpeg","width":1284,"height":1168,"caption":"Corso Semi-Standard pomeridiano - nuovi corsi di Italiano a Milano"},{"@type":"BreadcrumbList","@id":"https:\/\/ilcentro.net\/it\/una-lezione-di-grammatica-italiana-davvero-originale-con-giusi-e-i-nostri-studenti\/#breadcrumb","itemListElement":[{"@type":"ListItem","position":1,"name":"Home","item":"https:\/\/ilcentro.net\/it\/"},{"@type":"ListItem","position":2,"name":"Una lezione di grammatica Italiana con Giusi e i nostri studenti."}]},{"@type":"WebSite","@id":"https:\/\/ilcentro.net\/it\/#website","url":"https:\/\/ilcentro.net\/it\/","name":"Il Centro","description":"Corsi di lingua italiana e scuola per stranieri, a Milano e Online","publisher":{"@id":"https:\/\/ilcentro.net\/it\/#organization"},"potentialAction":[{"@type":"SearchAction","target":{"@type":"EntryPoint","urlTemplate":"https:\/\/ilcentro.net\/it\/?s={search_term_string}"},"query-input":{"@type":"PropertyValueSpecification","valueRequired":true,"valueName":"search_term_string"}}],"inLanguage":"it-IT"},{"@type":"Organization","@id":"https:\/\/ilcentro.net\/it\/#organization","name":"Il Centro","url":"https:\/\/ilcentro.net\/it\/","logo":{"@type":"ImageObject","inLanguage":"it-IT","@id":"https:\/\/ilcentro.net\/it\/#\/schema\/logo\/image\/","url":"https:\/\/mli3dflm07d6.i.optimole.com\/cb:1X0z.189\/w:auto\/h:auto\/q:mauto\/f:best\/https:\/\/ilcentro.net\/wp-content\/uploads\/2024\/09\/ilcentro_logo-1.jpg","contentUrl":"https:\/\/mli3dflm07d6.i.optimole.com\/cb:1X0z.189\/w:auto\/h:auto\/q:mauto\/f:best\/https:\/\/ilcentro.net\/wp-content\/uploads\/2024\/09\/ilcentro_logo-1.jpg","width":304,"height":118,"caption":"Il Centro"},"image":{"@id":"https:\/\/ilcentro.net\/it\/#\/schema\/logo\/image\/"}},{"@type":"Person","@id":"https:\/\/ilcentro.net\/it\/#\/schema\/person\/75e0a785acc7f3778785eac2b298d603","name":"Patrizia","image":{"@type":"ImageObject","inLanguage":"it-IT","@id":"https:\/\/secure.gravatar.com\/avatar\/858f80e11d66f9b46da6d476a249fd512f34d340545c106175e60cb8f265c40b?s=96&d=mm&r=g","url":"https:\/\/secure.gravatar.com\/avatar\/858f80e11d66f9b46da6d476a249fd512f34d340545c106175e60cb8f265c40b?s=96&d=mm&r=g","contentUrl":"https:\/\/secure.gravatar.com\/avatar\/858f80e11d66f9b46da6d476a249fd512f34d340545c106175e60cb8f265c40b?s=96&d=mm&r=g","caption":"Patrizia"}}]}},"_links":{"self":[{"href":"https:\/\/ilcentro.net\/it\/wp-json\/wp\/v2\/posts\/14670","targetHints":{"allow":["GET"]}}],"collection":[{"href":"https:\/\/ilcentro.net\/it\/wp-json\/wp\/v2\/posts"}],"about":[{"href":"https:\/\/ilcentro.net\/it\/wp-json\/wp\/v2\/types\/post"}],"author":[{"embeddable":true,"href":"https:\/\/ilcentro.net\/it\/wp-json\/wp\/v2\/users\/3"}],"replies":[{"embeddable":true,"href":"https:\/\/ilcentro.net\/it\/wp-json\/wp\/v2\/comments?post=14670"}],"version-history":[{"count":19,"href":"https:\/\/ilcentro.net\/it\/wp-json\/wp\/v2\/posts\/14670\/revisions"}],"predecessor-version":[{"id":14715,"href":"https:\/\/ilcentro.net\/it\/wp-json\/wp\/v2\/posts\/14670\/revisions\/14715"}],"wp:featuredmedia":[{"embeddable":true,"href":"https:\/\/ilcentro.net\/it\/wp-json\/wp\/v2\/media\/14644"}],"wp:attachment":[{"href":"https:\/\/ilcentro.net\/it\/wp-json\/wp\/v2\/media?parent=14670"}],"wp:term":[{"taxonomy":"category","embeddable":true,"href":"https:\/\/ilcentro.net\/it\/wp-json\/wp\/v2\/categories?post=14670"},{"taxonomy":"post_tag","embeddable":true,"href":"https:\/\/ilcentro.net\/it\/wp-json\/wp\/v2\/tags?post=14670"}],"curies":[{"name":"wp","href":"https:\/\/api.w.org\/{rel}","templated":true}]}}