{"id":12162,"date":"2025-04-08T15:54:25","date_gmt":"2025-04-08T15:54:25","guid":{"rendered":"https:\/\/ilcentro.net\/?p=12162"},"modified":"2025-04-09T08:58:32","modified_gmt":"2025-04-09T08:58:32","slug":"expresiones-idiomaticas-italianas-non-vedo-lora","status":"publish","type":"post","link":"https:\/\/ilcentro.net\/es\/expresiones-idiomaticas-italianas-non-vedo-lora\/","title":{"rendered":"Aprender las expresiones idiom\u00e1ticas italianas: Non vedo l&#8217;ora"},"content":{"rendered":"\n<h2 class=\"wp-block-heading\" style=\"text-align: justify;\">\u00abNon vedo l&#8217;ora\u00bb &#8211; Una expresi\u00f3n idiom\u00e1tica esencial italiana<\/h2>\n\n\n\n<p><p style=\"text-align: justify;\"><strong>\u00a1Aprende modismos italianos con nosotros!<\/strong> La frase <strong>\u00abnon vedo l&#8217;ora\u00bb<\/strong> es una expresi\u00f3n muy com\u00fan y ampliamente utilizada en italiano, especialmente en el <strong>italiano hablado<\/strong>. Se usa para transmitir emoci\u00f3n o impaciencia por algo que suceder\u00e1 en el futuro. Es equivalente a la expresi\u00f3n en ingl\u00e9s \u00abI can&#8217;t wait\u00bb. &#x1f606;<\/p><\/p>\n\n\n\n<p><p style=\"text-align: justify;\">Aunque la frase parece simple, es crucial entender c\u00f3mo y cu\u00e1ndo usarla correctamente. Vamos a profundizar en los detalles.<\/p><\/p>\n\n\n\n<h4 class=\"wp-block-heading\" style=\"text-align: justify;\">1. \u00abNon vedo l&#8217;ora CHE\u00bb + subjuntivo &#x1f60e;<\/h4>\n\n\n\n<p><p style=\"text-align: justify;\">Cuando \u00abnon vedo l&#8217;ora\u00bb es seguido de <strong>\u00abche\u00bb<\/strong>, la frase requiere el <strong>subjuntivo presente<\/strong>. Aqu\u00ed tienes un ejemplo:<\/p><\/p>\n\n\n\n<ul class=\"wp-block-list\">\n<li>Non vedo l&#8217;ora che tu venga alla festa.<\/li>\n<\/ul>\n\n\n\n<p><p style=\"text-align: justify;\">Esta construcci\u00f3n indica un evento futuro que el hablante est\u00e1 esperando con ansias e involucra generalmente a otra persona realizando una acci\u00f3n.<\/p><\/p>\n\n\n\n<h4 class=\"wp-block-heading\" style=\"text-align: justify;\">2. \u00abNon vedo l&#8217;ora DI\u00bb + verbo en infinitivo &#x1f3ac;<\/h4>\n\n\n\n<p><p style=\"text-align: justify;\">Alternativamente, \u00abnon vedo l&#8217;ora\u00bb puede ser seguido de <strong>\u00abdi\u00bb<\/strong> + un <strong>verbo en infinitivo<\/strong>. Esta forma se usa con m\u00e1s frecuencia cuando se refiere a algo personal o algo que el hablante espera hacer. Aqu\u00ed tienes un ejemplo:<\/p><\/p>\n\n\n\n<ul class=\"wp-block-list\">\n<li>Non vedo l&#8217;ora di vedere quel film!<\/li>\n<\/ul>\n\n\n\n<p><p style=\"text-align: justify;\">Esta construcci\u00f3n generalmente se usa para expresar anticipaci\u00f3n por actividades personales.<\/p><\/p>\n\n\n\n<hr class=\"wp-block-separator has-alpha-channel-opacity\"\/>\n\n\n\n<h3 class=\"wp-block-heading\" style=\"text-align: justify;\"><strong>Aprender modismos italianos es esencial para los estudiantes de idiomas &#x1f4da;<\/strong><\/h3>\n\n\n\n<p><p style=\"text-align: justify;\">Las expresiones idiom\u00e1ticas son una parte esencial de cualquier idioma, ofreciendo a los estudiantes una comprensi\u00f3n m\u00e1s profunda de la cultura, el humor y la vida cotidiana. Cada idioma tiene una rica colecci\u00f3n de modismos. Reflejan su historia cultural y, a menudo, no pueden ser traducidos directamente a otros idiomas.<\/p><\/p>\n\n\n\n<p><p style=\"text-align: justify;\">Aprender modismos italianos como <strong>\u00abnon vedo l&#8217;ora\u00bb<\/strong> te ayuda a entender no solo el <strong>idioma<\/strong>, sino tambi\u00e9n a las <strong>personas<\/strong> que lo hablan. Te acerca al contexto cultural de la expresi\u00f3n y hace que tu italiano suene m\u00e1s natural. &#x1f60e;<\/p><\/p>\n\n\n\n<p><p style=\"text-align: justify;\">Adem\u00e1s, dominar las expresiones idiom\u00e1ticas es una excelente manera de <strong>mejorar tu italiano conversacional<\/strong> y hacer que suenes m\u00e1s como un hablante nativo.<\/p><\/p>\n\n\n\n<hr class=\"wp-block-separator has-alpha-channel-opacity\"\/>\n\n\n\n<h3 class=\"wp-block-heading\" style=\"text-align: justify;\"><strong>Aprende italiano en Italia: sum\u00e9rgete en el idioma y la cultura &#x1f1ee;&#x1f1f9;<\/strong><\/h3>\n\n\n\n<p><p style=\"text-align: justify;\">En <strong><a href=\"https:\/\/ilcentro.net\/es\">Il Centro<\/a><\/strong>, creemos que aprender italiano debe ser una experiencia inmersiva. Nuestro m\u00e9todo \u00fanico de ense\u00f1anza est\u00e1 dise\u00f1ado no solo para ense\u00f1ar gram\u00e1tica y vocabulario, sino tambi\u00e9n para exponer a los estudiantes al ritmo natural del idioma tal como se habla en Italia. Ofrecemos una amplia gama de <strong><a href=\"https:\/\/ilcentro.net\/es\/course\/\">cursos de italiano<\/a><\/strong> que se adaptan a todos los niveles.  <strong><a href=\"https:\/\/es.wikipedia.org\/wiki\/Cuadro_com%C3%BAn_europeo_de_referencia_para_las_lenguas\" target=\"_blank\" rel=\"noreferrer noopener\">Desde principiantes hasta avanzados<\/a><\/strong>, tanto <strong>presenciales <a href=\"https:\/\/ilcentro.net\/es\/aprende-italiano-en-milan\/\">en Mil\u00e1n<\/a><\/strong> como <strong><a href=\"https:\/\/ilcentro.net\/es\/course\/online-courses\/\">online<\/a><\/strong>, lo que permite a estudiantes de todo el mundo unirse a nuestra comunidad. &#x1f30d;<\/p><\/p>\n\n\n\n<p><p style=\"text-align: justify;\">Nuestros cursos est\u00e1n estructurados para ayudarte a desarrollar tanto la <strong>competencia ling\u00fc\u00edstica<\/strong> como la comprensi\u00f3n cultural. Participar\u00e1s en conversaciones reales, descubrir\u00e1s las sutilezas de las <strong>expresiones italianas<\/strong> y practicar\u00e1s lo que aprendas en escenarios pr\u00e1cticos. Ya sea que est\u00e9s planeando <strong>aprender italiano para viajar, <a href=\"https:\/\/ilcentro.net\/es\/course\/cursos-especializados\/cursos-de-italiano-para-empresas\/\">trabajo<\/a>, o enriquecimiento personal<\/strong>. Nuestros cursos te ofrecen las herramientas que necesitas para tener \u00e9xito. &#x1f393;<\/p><\/p>\n\n\n<h4 class=\"wp-block-heading\" style=\"text-align: justify;\"><strong>\u00bfPor qu\u00e9 elegir nuestra <a href=\"https:\/\/ilcentro.net\/es\/sobre-nosotros\/\">escuela de italiano<\/a>?<\/strong><\/h4>\n\n<ul class=\"wp-block-list\">\n<li style=\"text-align: justify;\"><strong>Profesores nativos<\/strong> con a\u00f1os de experiencia ense\u00f1ando italiano a extranjeros. &#x1f5e3;&#xfe0f;<\/li>\n<li style=\"text-align: justify;\"><strong>Lecciones interactivas y atractivas<\/strong>, utilizando ejemplos del mundo real y contexto cultural. &#x1f3ae;<\/li>\n<li style=\"text-align: justify;\"><strong>Opciones de cursos flexibles<\/strong>, incluyendo lecciones en grupo y <strong><a href=\"https:\/\/ilcentro.net\/es\/course\/cursos-de-italiano\/cursos-individuales\/\">lecciones individuales<\/a><\/strong>, <strong><a href=\"https:\/\/ilcentro.net\/es\/course\/cursos-de-italiano\/cursos-en-grupo\/curso-intensivo-de-italiano\/\">cursos intensivos<\/a><\/strong> y <strong><a href=\"https:\/\/www.youtube.com\/watch?v=9NPV7PVSAxg\" target=\"_blank\" rel=\"noreferrer noopener\">clases online<\/a><\/strong>. &#x1f4bb;<\/li>\n<li style=\"text-align: justify;\"><strong>Ubicaci\u00f3n central en Mil\u00e1n<\/strong>, ideal para sumergirse en la vibrante vida cultural de la ciudad. &#x1f3d9;&#xfe0f;<\/li>\n<\/ul>\n<p style=\"text-align: justify;\">Ya sea que quieras mejorar tu fluidez en italiano o sumergirte en la rica cultura italiana, <strong>Il Centro<\/strong> ofrece el ambiente de aprendizaje ideal. Nuestro m\u00e9todo se enfoca no solo en habilidades ling\u00fc\u00edsticas, sino tambi\u00e9n en <strong>inmersi\u00f3n cultural<\/strong>, <strong><a href=\"https:\/\/ilcentro.net\/es\/metodo-de-aprendizaje-del-italiano\/\">haciendo que aprender italiano <\/a><\/strong> sea una experiencia divertida y atractiva. &#x1f31f;<\/p>\n<h3 class=\"wp-block-heading\" style=\"text-align: justify;\"><strong>Da el primer paso en tu viaje al italiano &#x1f680;<\/strong><\/h3>\n<p style=\"text-align: justify;\">Aprender italiano en <strong>Il Centro<\/strong> significa m\u00e1s que estudiar vocabulario y gram\u00e1tica: significa conectar con Italia, su cultura y su gente. Con una variedad de cursos dise\u00f1ados para satisfacer tus necesidades, podemos ayudarte a hablar italiano con fluidez y sentirte seguro con tus habilidades ling\u00fc\u00edsticas.<\/p>\n<p style=\"text-align: justify;\">\u00a1Comienza tu viaje hoy! Aprende m\u00e1s sobre nuestros cursos e inscr\u00edbete <strong><a href=\"https:\/\/ilcentro.net\/#con\">aqu\u00ed<\/a>. <\/strong>&#x1f4dd;<\/p>","protected":false},"excerpt":{"rendered":"<p>\u00abNon vedo l&#8217;ora\u00bb &#8211; Una expresi\u00f3n idiom\u00e1tica esencial italiana \u00a1Aprende modismos italianos con nosotros! La frase \u00abnon vedo l&#8217;ora\u00bb es una expresi\u00f3n muy com\u00fan y ampliamente utilizada en italiano, especialmente en el italiano hablado. Se usa para transmitir emoci\u00f3n o impaciencia por algo que suceder\u00e1 en el futuro. Es equivalente a la expresi\u00f3n en ingl\u00e9s [&hellip;]<\/p>\n","protected":false},"author":3,"featured_media":12097,"comment_status":"open","ping_status":"open","sticky":false,"template":"","format":"standard","meta":{"_acf_changed":false,"_joinchat":[],"footnotes":""},"categories":[15],"tags":[305,150,148,67,306,147,235],"class_list":["post-12162","post","type-post","status-publish","format-standard","has-post-thumbnail","hentry","category-sin-categorizar","tag-aprender-las-expresiones-idiomaticas-italianas","tag-cursos-de-italiano-es","tag-escuela-de-italiano-para-extranjeros-es","tag-estudiar-italiano-en-milan","tag-expresiones-idiomaticas-italianas","tag-mejorar-la-lengua-italiana","tag-aprende-italiano"],"acf":[],"yoast_head":"<!-- This site is optimized with the Yoast SEO Premium plugin v27.4 (Yoast SEO v27.4) - https:\/\/yoast.com\/product\/yoast-seo-premium-wordpress\/ -->\n<title>Expresiones idiom\u00e1ticas italianas: Non vedo l&#039;ora - Il Centro<\/title>\n<meta name=\"description\" content=\"Aprende las expresiones idiom\u00e1ticas italianas como &#039;non vedo l&#039;ora&#039; y mejora tu italiano. \u00a1\u00danete a nuestros cursos de italiano en Il Centro!\" \/>\n<meta name=\"robots\" content=\"index, follow, max-snippet:-1, max-image-preview:large, max-video-preview:-1\" \/>\n<link rel=\"canonical\" href=\"https:\/\/ilcentro.net\/es\/expresiones-idiomaticas-italianas-non-vedo-lora\/\" \/>\n<meta property=\"og:locale\" content=\"es_ES\" \/>\n<meta property=\"og:type\" content=\"article\" \/>\n<meta property=\"og:title\" content=\"Aprender las expresiones idiom\u00e1ticas italianas: Non vedo l&#039;ora\" \/>\n<meta property=\"og:description\" content=\"Aprende las expresiones idiom\u00e1ticas italianas como &#039;non vedo l&#039;ora&#039; y mejora tu italiano. \u00a1\u00danete a nuestros cursos de italiano en Il Centro!\" \/>\n<meta property=\"og:url\" content=\"https:\/\/ilcentro.net\/es\/expresiones-idiomaticas-italianas-non-vedo-lora\/\" \/>\n<meta property=\"og:site_name\" content=\"Estudia italiano en Italia | Escuela de idiomas y cursos en Mil\u00e1n \u2013 Il Centro\" \/>\n<meta property=\"article:published_time\" content=\"2025-04-08T15:54:25+00:00\" \/>\n<meta property=\"article:modified_time\" content=\"2025-04-09T08:58:32+00:00\" \/>\n<meta property=\"og:image\" content=\"https:\/\/mli3dflm07d6.i.optimole.com\/cb:1X0z.189\/w:auto\/h:auto\/q:mauto\/f:best\/https:\/\/ilcentro.net\/wp-content\/uploads\/2025\/04\/non-vedo-lora-blog-3.jpg\" \/>\n\t<meta property=\"og:image:width\" content=\"799\" \/>\n\t<meta property=\"og:image:height\" content=\"533\" \/>\n\t<meta property=\"og:image:type\" content=\"image\/jpeg\" \/>\n<meta name=\"author\" content=\"Patrizia\" \/>\n<meta name=\"twitter:card\" content=\"summary_large_image\" \/>\n<meta name=\"twitter:label1\" content=\"Escrito por\" \/>\n\t<meta name=\"twitter:data1\" content=\"Patrizia\" \/>\n\t<meta name=\"twitter:label2\" content=\"Tiempo de lectura\" \/>\n\t<meta name=\"twitter:data2\" content=\"4 minutos\" \/>\n<script type=\"application\/ld+json\" class=\"yoast-schema-graph\">{\"@context\":\"https:\\\/\\\/schema.org\",\"@graph\":[{\"@type\":\"Article\",\"@id\":\"https:\\\/\\\/ilcentro.net\\\/es\\\/expresiones-idiomaticas-italianas-non-vedo-lora\\\/#article\",\"isPartOf\":{\"@id\":\"https:\\\/\\\/ilcentro.net\\\/es\\\/expresiones-idiomaticas-italianas-non-vedo-lora\\\/\"},\"author\":{\"name\":\"Patrizia\",\"@id\":\"https:\\\/\\\/ilcentro.net\\\/es\\\/#\\\/schema\\\/person\\\/75e0a785acc7f3778785eac2b298d603\"},\"headline\":\"Aprender las expresiones idiom\u00e1ticas italianas: Non vedo l&#8217;ora\",\"datePublished\":\"2025-04-08T15:54:25+00:00\",\"dateModified\":\"2025-04-09T08:58:32+00:00\",\"mainEntityOfPage\":{\"@id\":\"https:\\\/\\\/ilcentro.net\\\/es\\\/expresiones-idiomaticas-italianas-non-vedo-lora\\\/\"},\"wordCount\":763,\"commentCount\":0,\"publisher\":{\"@id\":\"https:\\\/\\\/ilcentro.net\\\/es\\\/#organization\"},\"image\":{\"@id\":\"https:\\\/\\\/ilcentro.net\\\/es\\\/expresiones-idiomaticas-italianas-non-vedo-lora\\\/#primaryimage\"},\"thumbnailUrl\":\"https:\\/\\/ilcentro.net\\/wp-content\\/uploads\\/2025\\/04\\/non-vedo-lora-blog-3.jpg\",\"keywords\":[\"Aprender las expresiones idiom\u00e1ticas italianas\",\"cursos de italiano\",\"Escuela de italiano para extranjeros\",\"Estudiar italiano en Mil\u00e1n\",\"expresiones idiom\u00e1ticas italianas\",\"mejorar la lengua italiana\",\"\u00a1Aprende italiano\"],\"articleSection\":[\"Sin categorizar\"],\"inLanguage\":\"es\",\"potentialAction\":[{\"@type\":\"CommentAction\",\"name\":\"Comment\",\"target\":[\"https:\\\/\\\/ilcentro.net\\\/es\\\/expresiones-idiomaticas-italianas-non-vedo-lora\\\/#respond\"]}]},{\"@type\":\"WebPage\",\"@id\":\"https:\\\/\\\/ilcentro.net\\\/es\\\/expresiones-idiomaticas-italianas-non-vedo-lora\\\/\",\"url\":\"https:\\\/\\\/ilcentro.net\\\/es\\\/expresiones-idiomaticas-italianas-non-vedo-lora\\\/\",\"name\":\"Expresiones idiom\u00e1ticas italianas: Non vedo l'ora - Il Centro\",\"isPartOf\":{\"@id\":\"https:\\\/\\\/ilcentro.net\\\/es\\\/#website\"},\"primaryImageOfPage\":{\"@id\":\"https:\\\/\\\/ilcentro.net\\\/es\\\/expresiones-idiomaticas-italianas-non-vedo-lora\\\/#primaryimage\"},\"image\":{\"@id\":\"https:\\\/\\\/ilcentro.net\\\/es\\\/expresiones-idiomaticas-italianas-non-vedo-lora\\\/#primaryimage\"},\"thumbnailUrl\":\"https:\\/\\/ilcentro.net\\/wp-content\\/uploads\\/2025\\/04\\/non-vedo-lora-blog-3.jpg\",\"datePublished\":\"2025-04-08T15:54:25+00:00\",\"dateModified\":\"2025-04-09T08:58:32+00:00\",\"description\":\"Aprende las expresiones idiom\u00e1ticas italianas como 'non vedo l'ora' y mejora tu italiano. \u00a1\u00danete a nuestros cursos de italiano en Il Centro!\",\"breadcrumb\":{\"@id\":\"https:\\\/\\\/ilcentro.net\\\/es\\\/expresiones-idiomaticas-italianas-non-vedo-lora\\\/#breadcrumb\"},\"inLanguage\":\"es\",\"potentialAction\":[{\"@type\":\"ReadAction\",\"target\":[\"https:\\\/\\\/ilcentro.net\\\/es\\\/expresiones-idiomaticas-italianas-non-vedo-lora\\\/\"]}]},{\"@type\":\"ImageObject\",\"inLanguage\":\"es\",\"@id\":\"https:\\\/\\\/ilcentro.net\\\/es\\\/expresiones-idiomaticas-italianas-non-vedo-lora\\\/#primaryimage\",\"url\":\"https:\\/\\/ilcentro.net\\/wp-content\\/uploads\\/2025\\/04\\/non-vedo-lora-blog-3.jpg\",\"contentUrl\":\"https:\\/\\/ilcentro.net\\/wp-content\\/uploads\\/2025\\/04\\/non-vedo-lora-blog-3.jpg\",\"width\":799,\"height\":533,\"caption\":\"Learn Italian idioms: \\\"Non vedo l'ora\\\"\"},{\"@type\":\"BreadcrumbList\",\"@id\":\"https:\\\/\\\/ilcentro.net\\\/es\\\/expresiones-idiomaticas-italianas-non-vedo-lora\\\/#breadcrumb\",\"itemListElement\":[{\"@type\":\"ListItem\",\"position\":1,\"name\":\"Home\",\"item\":\"https:\\\/\\\/ilcentro.net\\\/es\\\/\"},{\"@type\":\"ListItem\",\"position\":2,\"name\":\"Aprender las expresiones idiom\u00e1ticas italianas: Non vedo l&#8217;ora\"}]},{\"@type\":\"WebSite\",\"@id\":\"https:\\\/\\\/ilcentro.net\\\/es\\\/#website\",\"url\":\"https:\\\/\\\/ilcentro.net\\\/es\\\/\",\"name\":\"Il Centro\",\"description\":\"Cursos de italiano y escuela para extranjeros\",\"publisher\":{\"@id\":\"https:\\\/\\\/ilcentro.net\\\/es\\\/#organization\"},\"potentialAction\":[{\"@type\":\"SearchAction\",\"target\":{\"@type\":\"EntryPoint\",\"urlTemplate\":\"https:\\\/\\\/ilcentro.net\\\/es\\\/?s={search_term_string}\"},\"query-input\":{\"@type\":\"PropertyValueSpecification\",\"valueRequired\":true,\"valueName\":\"search_term_string\"}}],\"inLanguage\":\"es\"},{\"@type\":\"Organization\",\"@id\":\"https:\\\/\\\/ilcentro.net\\\/es\\\/#organization\",\"name\":\"Il Centro\",\"url\":\"https:\\\/\\\/ilcentro.net\\\/es\\\/\",\"logo\":{\"@type\":\"ImageObject\",\"inLanguage\":\"es\",\"@id\":\"https:\\\/\\\/ilcentro.net\\\/es\\\/#\\\/schema\\\/logo\\\/image\\\/\",\"url\":\"https:\\/\\/ilcentro.net\\/wp-content\\/uploads\\/2024\\/09\\/ilcentro_logo-1.jpg\",\"contentUrl\":\"https:\\/\\/ilcentro.net\\/wp-content\\/uploads\\/2024\\/09\\/ilcentro_logo-1.jpg\",\"width\":304,\"height\":118,\"caption\":\"Il Centro\"},\"image\":{\"@id\":\"https:\\\/\\\/ilcentro.net\\\/es\\\/#\\\/schema\\\/logo\\\/image\\\/\"}},{\"@type\":\"Person\",\"@id\":\"https:\\\/\\\/ilcentro.net\\\/es\\\/#\\\/schema\\\/person\\\/75e0a785acc7f3778785eac2b298d603\",\"name\":\"Patrizia\",\"image\":{\"@type\":\"ImageObject\",\"inLanguage\":\"es\",\"@id\":\"https:\\\/\\\/secure.gravatar.com\\\/avatar\\\/858f80e11d66f9b46da6d476a249fd512f34d340545c106175e60cb8f265c40b?s=96&d=mm&r=g\",\"url\":\"https:\\\/\\\/secure.gravatar.com\\\/avatar\\\/858f80e11d66f9b46da6d476a249fd512f34d340545c106175e60cb8f265c40b?s=96&d=mm&r=g\",\"contentUrl\":\"https:\\\/\\\/secure.gravatar.com\\\/avatar\\\/858f80e11d66f9b46da6d476a249fd512f34d340545c106175e60cb8f265c40b?s=96&d=mm&r=g\",\"caption\":\"Patrizia\"}}]}<\/script>\n<!-- \/ Yoast SEO Premium plugin. -->","yoast_head_json":{"title":"Expresiones idiom\u00e1ticas italianas: Non vedo l'ora - Il Centro","description":"Aprende las expresiones idiom\u00e1ticas italianas como 'non vedo l'ora' y mejora tu italiano. \u00a1\u00danete a nuestros cursos de italiano en Il Centro!","robots":{"index":"index","follow":"follow","max-snippet":"max-snippet:-1","max-image-preview":"max-image-preview:large","max-video-preview":"max-video-preview:-1"},"canonical":"https:\/\/ilcentro.net\/es\/expresiones-idiomaticas-italianas-non-vedo-lora\/","og_locale":"es_ES","og_type":"article","og_title":"Aprender las expresiones idiom\u00e1ticas italianas: Non vedo l'ora","og_description":"Aprende las expresiones idiom\u00e1ticas italianas como 'non vedo l'ora' y mejora tu italiano. \u00a1\u00danete a nuestros cursos de italiano en Il Centro!","og_url":"https:\/\/ilcentro.net\/es\/expresiones-idiomaticas-italianas-non-vedo-lora\/","og_site_name":"Estudia italiano en Italia | Escuela de idiomas y cursos en Mil\u00e1n \u2013 Il Centro","article_published_time":"2025-04-08T15:54:25+00:00","article_modified_time":"2025-04-09T08:58:32+00:00","og_image":[{"width":799,"height":533,"url":"https:\/\/mli3dflm07d6.i.optimole.com\/cb:1X0z.189\/w:auto\/h:auto\/q:mauto\/f:best\/https:\/\/ilcentro.net\/wp-content\/uploads\/2025\/04\/non-vedo-lora-blog-3.jpg","type":"image\/jpeg"}],"author":"Patrizia","twitter_card":"summary_large_image","twitter_misc":{"Escrito por":"Patrizia","Tiempo de lectura":"4 minutos"},"schema":{"@context":"https:\/\/schema.org","@graph":[{"@type":"Article","@id":"https:\/\/ilcentro.net\/es\/expresiones-idiomaticas-italianas-non-vedo-lora\/#article","isPartOf":{"@id":"https:\/\/ilcentro.net\/es\/expresiones-idiomaticas-italianas-non-vedo-lora\/"},"author":{"name":"Patrizia","@id":"https:\/\/ilcentro.net\/es\/#\/schema\/person\/75e0a785acc7f3778785eac2b298d603"},"headline":"Aprender las expresiones idiom\u00e1ticas italianas: Non vedo l&#8217;ora","datePublished":"2025-04-08T15:54:25+00:00","dateModified":"2025-04-09T08:58:32+00:00","mainEntityOfPage":{"@id":"https:\/\/ilcentro.net\/es\/expresiones-idiomaticas-italianas-non-vedo-lora\/"},"wordCount":763,"commentCount":0,"publisher":{"@id":"https:\/\/ilcentro.net\/es\/#organization"},"image":{"@id":"https:\/\/ilcentro.net\/es\/expresiones-idiomaticas-italianas-non-vedo-lora\/#primaryimage"},"thumbnailUrl":"https:\/\/mli3dflm07d6.i.optimole.com\/cb:1X0z.189\/w:auto\/h:auto\/q:mauto\/f:best\/https:\/\/ilcentro.net\/wp-content\/uploads\/2025\/04\/non-vedo-lora-blog-3.jpg","keywords":["Aprender las expresiones idiom\u00e1ticas italianas","cursos de italiano","Escuela de italiano para extranjeros","Estudiar italiano en Mil\u00e1n","expresiones idiom\u00e1ticas italianas","mejorar la lengua italiana","\u00a1Aprende italiano"],"articleSection":["Sin categorizar"],"inLanguage":"es","potentialAction":[{"@type":"CommentAction","name":"Comment","target":["https:\/\/ilcentro.net\/es\/expresiones-idiomaticas-italianas-non-vedo-lora\/#respond"]}]},{"@type":"WebPage","@id":"https:\/\/ilcentro.net\/es\/expresiones-idiomaticas-italianas-non-vedo-lora\/","url":"https:\/\/ilcentro.net\/es\/expresiones-idiomaticas-italianas-non-vedo-lora\/","name":"Expresiones idiom\u00e1ticas italianas: Non vedo l'ora - Il Centro","isPartOf":{"@id":"https:\/\/ilcentro.net\/es\/#website"},"primaryImageOfPage":{"@id":"https:\/\/ilcentro.net\/es\/expresiones-idiomaticas-italianas-non-vedo-lora\/#primaryimage"},"image":{"@id":"https:\/\/ilcentro.net\/es\/expresiones-idiomaticas-italianas-non-vedo-lora\/#primaryimage"},"thumbnailUrl":"https:\/\/mli3dflm07d6.i.optimole.com\/cb:1X0z.189\/w:auto\/h:auto\/q:mauto\/f:best\/https:\/\/ilcentro.net\/wp-content\/uploads\/2025\/04\/non-vedo-lora-blog-3.jpg","datePublished":"2025-04-08T15:54:25+00:00","dateModified":"2025-04-09T08:58:32+00:00","description":"Aprende las expresiones idiom\u00e1ticas italianas como 'non vedo l'ora' y mejora tu italiano. \u00a1\u00danete a nuestros cursos de italiano en Il Centro!","breadcrumb":{"@id":"https:\/\/ilcentro.net\/es\/expresiones-idiomaticas-italianas-non-vedo-lora\/#breadcrumb"},"inLanguage":"es","potentialAction":[{"@type":"ReadAction","target":["https:\/\/ilcentro.net\/es\/expresiones-idiomaticas-italianas-non-vedo-lora\/"]}]},{"@type":"ImageObject","inLanguage":"es","@id":"https:\/\/ilcentro.net\/es\/expresiones-idiomaticas-italianas-non-vedo-lora\/#primaryimage","url":"https:\/\/mli3dflm07d6.i.optimole.com\/cb:1X0z.189\/w:auto\/h:auto\/q:mauto\/f:best\/https:\/\/ilcentro.net\/wp-content\/uploads\/2025\/04\/non-vedo-lora-blog-3.jpg","contentUrl":"https:\/\/mli3dflm07d6.i.optimole.com\/cb:1X0z.189\/w:auto\/h:auto\/q:mauto\/f:best\/https:\/\/ilcentro.net\/wp-content\/uploads\/2025\/04\/non-vedo-lora-blog-3.jpg","width":799,"height":533,"caption":"Learn Italian idioms: \"Non vedo l'ora\""},{"@type":"BreadcrumbList","@id":"https:\/\/ilcentro.net\/es\/expresiones-idiomaticas-italianas-non-vedo-lora\/#breadcrumb","itemListElement":[{"@type":"ListItem","position":1,"name":"Home","item":"https:\/\/ilcentro.net\/es\/"},{"@type":"ListItem","position":2,"name":"Aprender las expresiones idiom\u00e1ticas italianas: Non vedo l&#8217;ora"}]},{"@type":"WebSite","@id":"https:\/\/ilcentro.net\/es\/#website","url":"https:\/\/ilcentro.net\/es\/","name":"Il Centro","description":"Cursos de italiano y escuela para extranjeros","publisher":{"@id":"https:\/\/ilcentro.net\/es\/#organization"},"potentialAction":[{"@type":"SearchAction","target":{"@type":"EntryPoint","urlTemplate":"https:\/\/ilcentro.net\/es\/?s={search_term_string}"},"query-input":{"@type":"PropertyValueSpecification","valueRequired":true,"valueName":"search_term_string"}}],"inLanguage":"es"},{"@type":"Organization","@id":"https:\/\/ilcentro.net\/es\/#organization","name":"Il Centro","url":"https:\/\/ilcentro.net\/es\/","logo":{"@type":"ImageObject","inLanguage":"es","@id":"https:\/\/ilcentro.net\/es\/#\/schema\/logo\/image\/","url":"https:\/\/mli3dflm07d6.i.optimole.com\/cb:1X0z.189\/w:auto\/h:auto\/q:mauto\/f:best\/https:\/\/ilcentro.net\/wp-content\/uploads\/2024\/09\/ilcentro_logo-1.jpg","contentUrl":"https:\/\/mli3dflm07d6.i.optimole.com\/cb:1X0z.189\/w:auto\/h:auto\/q:mauto\/f:best\/https:\/\/ilcentro.net\/wp-content\/uploads\/2024\/09\/ilcentro_logo-1.jpg","width":304,"height":118,"caption":"Il Centro"},"image":{"@id":"https:\/\/ilcentro.net\/es\/#\/schema\/logo\/image\/"}},{"@type":"Person","@id":"https:\/\/ilcentro.net\/es\/#\/schema\/person\/75e0a785acc7f3778785eac2b298d603","name":"Patrizia","image":{"@type":"ImageObject","inLanguage":"es","@id":"https:\/\/secure.gravatar.com\/avatar\/858f80e11d66f9b46da6d476a249fd512f34d340545c106175e60cb8f265c40b?s=96&d=mm&r=g","url":"https:\/\/secure.gravatar.com\/avatar\/858f80e11d66f9b46da6d476a249fd512f34d340545c106175e60cb8f265c40b?s=96&d=mm&r=g","contentUrl":"https:\/\/secure.gravatar.com\/avatar\/858f80e11d66f9b46da6d476a249fd512f34d340545c106175e60cb8f265c40b?s=96&d=mm&r=g","caption":"Patrizia"}}]}},"_links":{"self":[{"href":"https:\/\/ilcentro.net\/es\/wp-json\/wp\/v2\/posts\/12162","targetHints":{"allow":["GET"]}}],"collection":[{"href":"https:\/\/ilcentro.net\/es\/wp-json\/wp\/v2\/posts"}],"about":[{"href":"https:\/\/ilcentro.net\/es\/wp-json\/wp\/v2\/types\/post"}],"author":[{"embeddable":true,"href":"https:\/\/ilcentro.net\/es\/wp-json\/wp\/v2\/users\/3"}],"replies":[{"embeddable":true,"href":"https:\/\/ilcentro.net\/es\/wp-json\/wp\/v2\/comments?post=12162"}],"version-history":[{"count":6,"href":"https:\/\/ilcentro.net\/es\/wp-json\/wp\/v2\/posts\/12162\/revisions"}],"predecessor-version":[{"id":12171,"href":"https:\/\/ilcentro.net\/es\/wp-json\/wp\/v2\/posts\/12162\/revisions\/12171"}],"wp:featuredmedia":[{"embeddable":true,"href":"https:\/\/ilcentro.net\/es\/wp-json\/wp\/v2\/media\/12097"}],"wp:attachment":[{"href":"https:\/\/ilcentro.net\/es\/wp-json\/wp\/v2\/media?parent=12162"}],"wp:term":[{"taxonomy":"category","embeddable":true,"href":"https:\/\/ilcentro.net\/es\/wp-json\/wp\/v2\/categories?post=12162"},{"taxonomy":"post_tag","embeddable":true,"href":"https:\/\/ilcentro.net\/es\/wp-json\/wp\/v2\/tags?post=12162"}],"curies":[{"name":"wp","href":"https:\/\/api.w.org\/{rel}","templated":true}]}}