{"id":31874,"date":"2026-02-19T09:35:09","date_gmt":"2026-02-19T09:35:09","guid":{"rendered":"https:\/\/ilcentro.net\/?p=31874"},"modified":"2026-02-19T10:21:26","modified_gmt":"2026-02-19T10:21:26","slug":"beigua-park-wanderung-ab-mailand-berge-mit-meerblick","status":"publish","type":"post","link":"https:\/\/ilcentro.net\/de\/beigua-park-wanderung-ab-mailand-berge-mit-meerblick\/","title":{"rendered":"Beigua-Park Wanderung ab Mailand: Berge mit Meerblick"},"content":{"rendered":"<div style=\"text-align: justify; font-family: Arial, Helvetica, sans-serif; line-height: 1.75; font-size: 16px; color: #222;\">\n<p>Eine Sprache zu lernen wird erst dann wirklich besonders, wenn man sie auch au\u00dferhalb des Klassenzimmers lebt.<\/p>\n<p>Bei <strong>Il Centro \u2013 Italienische Sprach- und Kulturschule f\u00fcr Ausl\u00e4nder<\/strong> sind wir fest davon \u00fcberzeugt, dass Italienisch lernen nicht nur bedeutet,<br \/>\nGrammatik und Wortschatz zu studieren, sondern auch Italien durch authentische Erlebnisse, neue Freundschaften, Natur und unvergessliche Momente zu entdecken.<\/p>\n<p>Deshalb organisieren wir regelm\u00e4\u00dfig kulturelle Aktivit\u00e4ten und Ausfl\u00fcge au\u00dferhalb von Mailand \u2013 f\u00fcr unsere Studierenden und alle Freunde unserer Schule.<br \/>\nUnser n\u00e4chster Ausflug f\u00fchrt uns an einen der faszinierendsten Orte Norditaliens:<br \/>\nin den <strong>Regionalen Naturpark Beigua<\/strong> in Ligurien \u2013 ein einzigartiger Ort, an dem man durch die Berge wandern und gleichzeitig atemberaubende Ausblicke auf das Meer genie\u00dfen kann.<\/p>\n<p>Wenn du dar\u00fcber nachdenkst, <a style=\"color: #299549; font-weight: bold;\" href=\"https:\/\/ilcentro.net\/de\/\">Italienisch in Italien zu lernen<\/a>,<br \/>\nist die Teilnahme an einer unserer Exkursionen eine der besten M\u00f6glichkeiten, die Sprache ganz nat\u00fcrlich zu \u00fcben, neue Menschen kennenzulernen<br \/>\nund authentische Landschaften jenseits der Stadt Mailand zu entdecken.<\/p>\n<div style=\"background: #f6fbf8; border-left: 6px solid #299549; padding: 20px; border-radius: 14px; margin: 28px 0;\">\n<h2 style=\"margin-top: 0; color: #299549; font-size: 22px;\">Ein perfekter Tagesausflug ab Mailand<\/h2>\n<p style=\"margin-bottom: 0;\">Der Beigua-Park ist ideal f\u00fcr eine kleine Auszeit von Mailand: frische Luft, panoramische Wanderwege und dieses wunderbare Gef\u00fchl,<br \/>\nin den Bergen zu laufen und dabei bis zum Mittelmeer zu blicken.<br \/>\nEin echtes Italien-Erlebnis \u2013 weit weg vom Trubel der Stadt.<\/p>\n<\/div>\n<hr style=\"margin: 35px 0; border: 0; border-top: 1px solid #ddd;\" \/>\n<h2 style=\"color: #299549; font-size: 24px;\">Beigua-Park: ein UNESCO-Geopark zwischen Apennin und Meer<\/h2>\n<p>Zwischen den Provinzen Genua und Savona gelegen, ist der <strong>Parco del Beigua<\/strong> ein wahrer Geheimtipp.<br \/>\nViele Italiener nennen ihn \u201eden Balkon Liguriens\u201c, weil man an mehreren Stellen entlang der Wege spektakul\u00e4re Ausblicke auf die K\u00fcste genie\u00dfen kann.<\/p>\n<p>Was diesen Ort so au\u00dfergew\u00f6hnlich macht, ist gerade sein Kontrast: du wanderst durch gr\u00fcne W\u00e4lder, offene H\u00f6henz\u00fcge, steinige Pfade und stille Berglandschaften \u2013<br \/>\nund pl\u00f6tzlich liegt das tiefe Blau des Meeres direkt vor dir.<\/p>\n<p>Der Beigua geh\u00f6rt au\u00dferdem zum Netzwerk der <strong>UNESCO Global Geoparks<\/strong>, dank seines au\u00dfergew\u00f6hnlichen geologischen Erbes.<br \/>\nDer Park ist bekannt f\u00fcr seine uralten Felsformationen, die \u00fcber Jahrtausende von Wind und Wetter geformt wurden und eine wilde, zeitlose Landschaft entstehen lassen.<\/p>\n<div style=\"text-align: center; margin: 25px 0;\"><img data-opt-id=1042732825  fetchpriority=\"high\" decoding=\"async\" style=\"max-width: 100%; border-radius: 18px; box-shadow: 0 6px 18px rgba(0,0,0,0.2);\" src=\"https:\/\/mli3dflm07d6.i.optimole.com\/cb:1X0z.189\/w:auto\/h:auto\/q:mauto\/f:best\/https:\/\/ilcentro.net\/wp-content\/uploads\/2026\/02\/g3.jpeg\" alt=\"Ausflug in den Beigua-Park mit Il Centro\" \/><\/div>\n<div style=\"background: #eef5ff; border-left: 6px solid #2b6cb0; padding: 20px; border-radius: 14px; margin: 28px 0;\">\n<h3 style=\"margin-top: 0; color: #2b6cb0; font-size: 20px;\">Schon gewusst?<\/h3>\n<p style=\"margin-bottom: 0;\">Der Beigua-Park ist einer der wichtigsten Vogelzugkorridore Europas.<br \/>\nIn bestimmten Jahreszeiten kann man Greifv\u00f6gel und seltene Arten beobachten, die \u00fcber die T\u00e4ler hinwegfliegen.<br \/>\nEin echtes Paradies f\u00fcr Naturfreunde und Fotografen.<\/p>\n<\/div>\n<hr style=\"margin: 35px 0; border: 0; border-top: 1px solid #ddd;\" \/>\n<h2 style=\"color: #299549; font-size: 24px;\">Gemeinsam wandern: der Geist der Il Centro Exkursionen<\/h2>\n<p>Unsere Exkursionen sind nicht einfach nur Spazierg\u00e4nge in der Natur.<br \/>\nSie sind Momente des Miteinanders \u2013 Gelegenheiten, neue Kontakte zu kn\u00fcpfen und internationalen Studierenden zu helfen,<br \/>\nItalien auch au\u00dferhalb der Stadt kennenzulernen.<\/p>\n<p>Mailand ist eine wunderbare Stadt voller Energie, aber manchmal tut es einfach gut, kurz abzuschalten und eine andere Luft zu atmen.<br \/>\nEin Tag in der Natur ist die perfekte Gelegenheit, sich zu entspannen, neue Kraft zu tanken und Italien in einer freundlichen, internationalen Atmosph\u00e4re zu erleben.<\/p>\n<p>Und dann gibt es noch den sch\u00f6nsten Teil: Auf diesen Ausfl\u00fcgen wird Italienisch ganz spontan.<br \/>\nMan spricht ohne Stress, lacht, plaudert, stellt Fragen, erz\u00e4hlt Geschichten\u2026 und es entstehen echte Freundschaften.<\/p>\n<p>Viele unserer Studierenden sagen uns, dass diese Exkursionen zu den sch\u00f6nsten Erinnerungen ihrer Zeit in Italien geh\u00f6ren,<br \/>\ndenn eine Sprache ist nicht nur etwas, das man lernt \u2013 sie ist etwas, das man lebt.<\/p>\n<div style=\"text-align: center; margin: 25px 0;\"><img data-opt-id=1257144263  fetchpriority=\"high\" decoding=\"async\" style=\"max-width: 100%; border-radius: 18px; box-shadow: 0 6px 18px rgba(0,0,0,0.2);\" src=\"https:\/\/mli3dflm07d6.i.optimole.com\/cb:1X0z.189\/w:auto\/h:auto\/q:mauto\/f:best\/https:\/\/ilcentro.net\/wp-content\/uploads\/2026\/02\/g2.jpeg\" alt=\"Il Centro Ausflugsgruppe in Ligurien\" \/><\/div>\n<hr style=\"margin: 35px 0; border: 0; border-top: 1px solid #ddd;\" \/>\n<h2 style=\"color: #299549; font-size: 24px;\">Paolo, unser Guide: das Herz des Abenteuers<\/h2>\n<p>Einer der Gr\u00fcnde, warum unsere Exkursionen immer so angenehm sind, ist die Anwesenheit unseres Guides <strong>Paolo<\/strong>.<\/p>\n<p><strong><a href=\"https:\/\/ilcentro.net\/wp-content\/uploads\/2025\/12\/alltrekk-pieghevole-2025_QUADRATO.pdf\" target=\"_blank\" rel=\"noopener\">Paolo<\/a><\/strong><br \/>\nist nicht nur ein erfahrener Wanderf\u00fchrer: Er ist auch ein echter Natur- und Gebietskenner und liebt es,<br \/>\nspannende Fakten, kleine Details und Geschichten \u00fcber die Orte zu erz\u00e4hlen, die wir gemeinsam entdecken.<\/p>\n<p>Mit ihm wird jede Wanderung noch interessanter und abwechslungsreicher.<\/p>\n<p>W\u00e4hrend der Tour sorgt Paolo daf\u00fcr, dass sich alle wohlf\u00fchlen \u2013 auch diejenigen, die nicht an Trekking gew\u00f6hnt sind.<br \/>\nEr kennt die Region perfekt und wei\u00df genau, wie man das Erlebnis angenehm und gut machbar gestaltet:<br \/>\nohne Eile, mit Pausen an den sch\u00f6nsten Stellen, um die Aussicht zu genie\u00dfen und Fotos zu machen.<\/p>\n<p>Mit Paolo ist die Stimmung immer entspannt und positiv\u2026 und nat\u00fcrlich wei\u00df er genau, wo man die spektakul\u00e4rsten Panoramablicke findet!<\/p>\n<div style=\"text-align: center; margin: 25px 0;\"><img data-opt-id=711380723  data-opt-src=\"https:\/\/mli3dflm07d6.i.optimole.com\/cb:1X0z.189\/w:auto\/h:auto\/q:mauto\/f:best\/https:\/\/ilcentro.net\/wp-content\/uploads\/2026\/02\/g6.jpeg\"  decoding=\"async\" style=\"max-width: 100%; border-radius: 18px; box-shadow: 0 6px 18px rgba(0,0,0,0.2);\" src=\"data:image/svg+xml,%3Csvg%20viewBox%3D%220%200%20100%%20100%%22%20width%3D%22100%%22%20height%3D%22100%%22%20xmlns%3D%22http%3A%2F%2Fwww.w3.org%2F2000%2Fsvg%22%3E%3Crect%20width%3D%22100%%22%20height%3D%22100%%22%20fill%3D%22transparent%22%2F%3E%3C%2Fsvg%3E\" alt=\"Paolo Guide bei einer Il Centro Exkursion\" \/><\/div>\n<div style=\"background: #fff8f2; border-left: 6px solid #f39c12; padding: 20px; border-radius: 14px; margin: 28px 0;\">\n<h3 style=\"margin-top: 0; color: #f39c12; font-size: 20px;\">Eine lokale Besonderheit<\/h3>\n<p style=\"margin-bottom: 0;\">Der Name <strong>\u201eBeigua\u201c<\/strong> soll von alten ligurischen Wurzeln stammen und mit dem Begriff \u201ehoher Bergr\u00fccken\u201c verbunden sein.<br \/>\n\u00dcber Jahrhunderte hinweg wurden diese Berge von Hirten und Reisenden \u00fcberquert, die zwischen K\u00fcste und Hinterland unterwegs waren.<br \/>\nHier zu wandern f\u00fchlt sich wirklich an wie eine Reise in die Vergangenheit.<\/p>\n<\/div>\n<hr style=\"margin: 35px 0; border: 0; border-top: 1px solid #ddd;\" \/>\n<h2 style=\"color: #299549; font-size: 24px;\">Eine leichte und panoramische Route \u2013 perfekt f\u00fcr alle<\/h2>\n<p>Diese Exkursion ist so geplant, dass sie auch f\u00fcr Anf\u00e4nger geeignet ist.<br \/>\nDie Strecke ist ein <strong>Rundweg von etwa 8 km<\/strong> und gilt als <strong>leicht<\/strong>.<\/p>\n<p>Das Tempo wird ruhig und angenehm sein, mit mehreren Stopps, um die Aussicht zu genie\u00dfen, Fotos zu machen und die frische Bergluft einzuatmen.<br \/>\nEs ist das ideale Erlebnis f\u00fcr alle, die einen Tag in der Natur verbringen m\u00f6chten, ohne sich \u00fcberanstrengen zu m\u00fcssen.<\/p>\n<div style=\"text-align: center; margin: 25px 0;\"><img data-opt-id=700923811  data-opt-src=\"https:\/\/mli3dflm07d6.i.optimole.com\/cb:1X0z.189\/w:auto\/h:auto\/q:mauto\/f:best\/https:\/\/ilcentro.net\/wp-content\/uploads\/2026\/02\/g4.jpeg\"  decoding=\"async\" style=\"max-width: 100%; border-radius: 18px; box-shadow: 0 6px 18px rgba(0,0,0,0.2);\" src=\"data:image/svg+xml,%3Csvg%20viewBox%3D%220%200%20100%%20100%%22%20width%3D%22100%%22%20height%3D%22100%%22%20xmlns%3D%22http%3A%2F%2Fwww.w3.org%2F2000%2Fsvg%22%3E%3Crect%20width%3D%22100%%22%20height%3D%22100%%22%20fill%3D%22transparent%22%2F%3E%3C%2Fsvg%3E\" alt=\"Panoramischer Wanderweg im Beigua-Park\" \/><\/div>\n<hr style=\"margin: 35px 0; border: 0; border-top: 1px solid #ddd;\" \/>\n<h2 style=\"color: #299549; font-size: 24px;\">Praktische Informationen<\/h2>\n<div style=\"background: #f6fbf8; border-left: 6px solid #299549; padding: 20px; border-radius: 14px; margin: 28px 0;\">\n<ul style=\"margin: 0; padding-left: 20px;\">\n<li><strong>Ziel:<\/strong> Beigua-Park (Ligurien, Region Genua)<\/li>\n<li><strong>Treffpunkt:<\/strong> Metro Assago (Mailand)<\/li>\n<li><strong>Abfahrtszeit:<\/strong> 07:00 Uhr<\/li>\n<li><strong>Strecke:<\/strong> Rundweg 8 km<\/li>\n<li><strong>Schwierigkeitsgrad:<\/strong> leicht<\/li>\n<li><strong>Verf\u00fcgbare Pl\u00e4tze:<\/strong> 7<\/li>\n<li><strong>Anreise:<\/strong> Kosten werden geteilt<\/li>\n<li><strong>Preis:<\/strong> 40 \u20ac (Anreise inklusive)<\/li>\n<li><strong>Mittagessen:<\/strong> Lunchpaket oder Snack in einer Bergh\u00fctte<\/li>\n<\/ul>\n<\/div>\n<p>Die Teilnahme wird erst nach schriftlicher Anmeldung und Zahlung einer <strong>Anzahlung von 30%<\/strong> best\u00e4tigt.<br \/>\nF\u00fcr die Teilnehmer wird eine tempor\u00e4re WhatsApp-Gruppe erstellt, in der alle wichtigen Informationen sowie eine Checkliste mit Dingen,<br \/>\ndie man mitbringen sollte, geteilt werden.<\/p>\n<h3 style=\"color: #299549; font-size: 20px;\">WhatsApp-Gruppe beitreten<\/h3>\n<p>Um der WhatsApp-Gruppe beizutreten, musst du einfach den <strong>QR-Code<\/strong> unten scannen:<\/p>\n<div style=\"text-align: center; margin: 25px 0;\"><img data-opt-id=1374835107  data-opt-src=\"https:\/\/mli3dflm07d6.i.optimole.com\/cb:1X0z.189\/w:auto\/h:auto\/q:mauto\/f:best\/https:\/\/ilcentro.net\/wp-content\/uploads\/2026\/02\/qrpaolo.jpg\"  decoding=\"async\" style=\"max-width: 320px; width: 100%; border-radius: 16px; box-shadow: 0 6px 18px rgba(0,0,0,0.2);\" src=\"data:image/svg+xml,%3Csvg%20viewBox%3D%220%200%20100%%20100%%22%20width%3D%22100%%22%20height%3D%22100%%22%20xmlns%3D%22http%3A%2F%2Fwww.w3.org%2F2000%2Fsvg%22%3E%3Crect%20width%3D%22100%%22%20height%3D%22100%%22%20fill%3D%22transparent%22%2F%3E%3C%2Fsvg%3E\" alt=\"QR-Code WhatsApp-Gruppe Il Centro Exkursion\" \/><\/div>\n<hr style=\"margin: 35px 0; border: 0; border-top: 1px solid #ddd;\" \/>\n<div style=\"background: #299549; color: white; padding: 24px; border-radius: 16px; margin: 30px 0; text-align: center;\">\n<h2 style=\"margin-top: 0; color: white; font-size: 24px;\">Entdecke Italien mit Il Centro<\/h2>\n<p style=\"margin-bottom: 12px; font-size: 16px;\">M\u00f6chtest du Italien entdecken und gleichzeitig dein Italienisch verbessern?<br \/>\nNimm an unseren Aktivit\u00e4ten und Exkursionen teil \u2013 der beste Weg, die Sprache im echten Leben zu \u00fcben.<\/p>\n<p style=\"margin-bottom: 0; font-size: 16px;\">&#x1f449; <a style=\"color: white; font-weight: bold; text-decoration: underline;\" href=\"https:\/\/ilcentro.net\/de\/italienische-sprache-und-bergabenteuer\/\"><br \/>\nEntdecke alle Il Centro Exkursionen au\u00dferhalb von Mailand<br \/>\n<\/a><\/p>\n<\/div>\n<p>Bei Il Centro bedeutet Italienisch lernen nicht nur Unterricht:<br \/>\nEs bedeutet, Erfahrungen zu machen, Freundschaften zu schlie\u00dfen und die Sch\u00f6nheit Italiens Schritt f\u00fcr Schritt zu entdecken.<\/p>\n<p>Wir freuen uns darauf, bald gemeinsam mit dir zu wandern!<\/p>\n<\/div>\n","protected":false},"excerpt":{"rendered":"<p>Eine Sprache zu lernen wird erst dann wirklich besonders, wenn man sie auch au\u00dferhalb des Klassenzimmers lebt. Bei Il Centro \u2013 Italienische Sprach- und Kulturschule f\u00fcr Ausl\u00e4nder sind wir fest davon \u00fcberzeugt, dass Italienisch lernen nicht nur bedeutet, Grammatik und Wortschatz zu studieren, sondern auch Italien durch authentische Erlebnisse, neue Freundschaften, Natur und unvergessliche Momente [&hellip;]<\/p>\n","protected":false},"author":3,"featured_media":31820,"comment_status":"closed","ping_status":"closed","sticky":false,"template":"","format":"standard","meta":{"_acf_changed":false,"_joinchat":[],"footnotes":""},"categories":[14],"tags":[2340,1755,2329,824,2337,923,2334,2333,2330,2342,2332,2331,2341,2335,2336,2339,2338],"class_list":["post-31874","post","type-post","status-publish","format-standard","has-post-thumbnail","hentry","category-unkategorisiert","tag-aktivitaeten-fuer-internationale-studenten","tag-ausflug-ab-mailand","tag-beigua-park","tag-il-centro-mailand","tag-italien-erleben","tag-italienisch-lernen-in-italien","tag-italienischschule-mailand","tag-natur-ligurien","tag-outdoor-aktivitaeten-mailand","tag-paolo-guide","tag-parco-del-beigua","tag-tagesausflug-mailand","tag-trekking-ligurien","tag-unesco-geopark","tag-wandern-ligurien","tag-wandern-mit-meerblick","tag-wochenendausflug"],"acf":[],"yoast_head":"<!-- This site is optimized with the Yoast SEO Premium plugin v27.4 (Yoast SEO v27.4) - https:\/\/yoast.com\/product\/yoast-seo-premium-wordpress\/ -->\n<title>Ausflug in den Beigua-Park ab Mailand | Il Centro Italienischschule<\/title>\n<meta name=\"description\" content=\"Entdecke den Beigua-Park in Ligurien mit Il Centro: leichte Wanderung ab Mailand, atemberaubende Aussicht aufs Meer und Naturerlebnis.\" \/>\n<meta name=\"robots\" content=\"index, follow, max-snippet:-1, max-image-preview:large, max-video-preview:-1\" \/>\n<link rel=\"canonical\" href=\"https:\/\/ilcentro.net\/de\/beigua-park-wanderung-ab-mailand-berge-mit-meerblick\/\" \/>\n<meta property=\"og:locale\" content=\"de_DE\" \/>\n<meta property=\"og:type\" content=\"article\" \/>\n<meta property=\"og:title\" content=\"Beigua-Park Wanderung ab Mailand: Berge mit Meerblick\" \/>\n<meta property=\"og:description\" content=\"Entdecke den Beigua-Park in Ligurien mit Il Centro: leichte Wanderung ab Mailand, atemberaubende Aussicht aufs Meer und Naturerlebnis.\" \/>\n<meta property=\"og:url\" content=\"https:\/\/ilcentro.net\/de\/beigua-park-wanderung-ab-mailand-berge-mit-meerblick\/\" \/>\n<meta property=\"og:site_name\" content=\"Italienisch in Italien lernen | Sprachschule und Kurse in Mailand \u2013 Il Centro\" \/>\n<meta property=\"article:published_time\" content=\"2026-02-19T09:35:09+00:00\" \/>\n<meta property=\"article:modified_time\" content=\"2026-02-19T10:21:26+00:00\" \/>\n<meta property=\"og:image\" content=\"https:\/\/mli3dflm07d6.i.optimole.com\/cb:1X0z.189\/w:auto\/h:auto\/q:mauto\/f:best\/https:\/\/ilcentro.net\/wp-content\/uploads\/2026\/02\/g4.jpeg\" \/>\n\t<meta property=\"og:image:width\" content=\"640\" \/>\n\t<meta property=\"og:image:height\" content=\"480\" \/>\n\t<meta property=\"og:image:type\" content=\"image\/jpeg\" \/>\n<meta name=\"author\" content=\"Patrizia\" \/>\n<meta name=\"twitter:card\" content=\"summary_large_image\" \/>\n<meta name=\"twitter:label1\" content=\"Verfasst von\" \/>\n\t<meta name=\"twitter:data1\" content=\"Patrizia\" \/>\n\t<meta name=\"twitter:label2\" content=\"Gesch\u00e4tzte Lesezeit\" \/>\n\t<meta name=\"twitter:data2\" content=\"6\u00a0Minuten\" \/>\n<script type=\"application\/ld+json\" class=\"yoast-schema-graph\">{\"@context\":\"https:\\\/\\\/schema.org\",\"@graph\":[{\"@type\":\"Article\",\"@id\":\"https:\\\/\\\/ilcentro.net\\\/de\\\/beigua-park-wanderung-ab-mailand-berge-mit-meerblick\\\/#article\",\"isPartOf\":{\"@id\":\"https:\\\/\\\/ilcentro.net\\\/de\\\/beigua-park-wanderung-ab-mailand-berge-mit-meerblick\\\/\"},\"author\":{\"name\":\"Patrizia\",\"@id\":\"https:\\\/\\\/ilcentro.net\\\/de\\\/#\\\/schema\\\/person\\\/75e0a785acc7f3778785eac2b298d603\"},\"headline\":\"Beigua-Park Wanderung ab Mailand: Berge mit Meerblick\",\"datePublished\":\"2026-02-19T09:35:09+00:00\",\"dateModified\":\"2026-02-19T10:21:26+00:00\",\"mainEntityOfPage\":{\"@id\":\"https:\\\/\\\/ilcentro.net\\\/de\\\/beigua-park-wanderung-ab-mailand-berge-mit-meerblick\\\/\"},\"wordCount\":997,\"publisher\":{\"@id\":\"https:\\\/\\\/ilcentro.net\\\/de\\\/#organization\"},\"image\":{\"@id\":\"https:\\\/\\\/ilcentro.net\\\/de\\\/beigua-park-wanderung-ab-mailand-berge-mit-meerblick\\\/#primaryimage\"},\"thumbnailUrl\":\"https:\\/\\/ilcentro.net\\/wp-content\\/uploads\\/2026\\/02\\/g4.jpeg\",\"keywords\":[\"aktivit\u00e4ten f\u00fcr internationale studenten\",\"Ausflug ab Mailand\",\"beigua park\",\"Il Centro Mailand\",\"italien erleben\",\"Italienisch lernen in Italien\",\"italienischschule mailand\",\"natur ligurien\",\"outdoor aktivit\u00e4ten mailand\",\"paolo guide\",\"parco del beigua\",\"tagesausflug mailand\",\"trekking ligurien\",\"unesco geopark\",\"wandern ligurien\",\"wandern mit meerblick\",\"wochenendausflug\"],\"articleSection\":[\"Unkategorisiert\"],\"inLanguage\":\"de\"},{\"@type\":\"WebPage\",\"@id\":\"https:\\\/\\\/ilcentro.net\\\/de\\\/beigua-park-wanderung-ab-mailand-berge-mit-meerblick\\\/\",\"url\":\"https:\\\/\\\/ilcentro.net\\\/de\\\/beigua-park-wanderung-ab-mailand-berge-mit-meerblick\\\/\",\"name\":\"Ausflug in den Beigua-Park ab Mailand | Il Centro Italienischschule\",\"isPartOf\":{\"@id\":\"https:\\\/\\\/ilcentro.net\\\/de\\\/#website\"},\"primaryImageOfPage\":{\"@id\":\"https:\\\/\\\/ilcentro.net\\\/de\\\/beigua-park-wanderung-ab-mailand-berge-mit-meerblick\\\/#primaryimage\"},\"image\":{\"@id\":\"https:\\\/\\\/ilcentro.net\\\/de\\\/beigua-park-wanderung-ab-mailand-berge-mit-meerblick\\\/#primaryimage\"},\"thumbnailUrl\":\"https:\\/\\/ilcentro.net\\/wp-content\\/uploads\\/2026\\/02\\/g4.jpeg\",\"datePublished\":\"2026-02-19T09:35:09+00:00\",\"dateModified\":\"2026-02-19T10:21:26+00:00\",\"description\":\"Entdecke den Beigua-Park in Ligurien mit Il Centro: leichte Wanderung ab Mailand, atemberaubende Aussicht aufs Meer und Naturerlebnis.\",\"breadcrumb\":{\"@id\":\"https:\\\/\\\/ilcentro.net\\\/de\\\/beigua-park-wanderung-ab-mailand-berge-mit-meerblick\\\/#breadcrumb\"},\"inLanguage\":\"de\",\"potentialAction\":[{\"@type\":\"ReadAction\",\"target\":[\"https:\\\/\\\/ilcentro.net\\\/de\\\/beigua-park-wanderung-ab-mailand-berge-mit-meerblick\\\/\"]}]},{\"@type\":\"ImageObject\",\"inLanguage\":\"de\",\"@id\":\"https:\\\/\\\/ilcentro.net\\\/de\\\/beigua-park-wanderung-ab-mailand-berge-mit-meerblick\\\/#primaryimage\",\"url\":\"https:\\/\\/ilcentro.net\\/wp-content\\/uploads\\/2026\\/02\\/g4.jpeg\",\"contentUrl\":\"https:\\/\\/ilcentro.net\\/wp-content\\/uploads\\/2026\\/02\\/g4.jpeg\",\"width\":640,\"height\":480,\"caption\":\"Beigua-Park Wanderung ab Mailand: Berge mit Meerblick\"},{\"@type\":\"BreadcrumbList\",\"@id\":\"https:\\\/\\\/ilcentro.net\\\/de\\\/beigua-park-wanderung-ab-mailand-berge-mit-meerblick\\\/#breadcrumb\",\"itemListElement\":[{\"@type\":\"ListItem\",\"position\":1,\"name\":\"Home\",\"item\":\"https:\\\/\\\/ilcentro.net\\\/de\\\/\"},{\"@type\":\"ListItem\",\"position\":2,\"name\":\"Beigua-Park Wanderung ab Mailand: Berge mit Meerblick\"}]},{\"@type\":\"WebSite\",\"@id\":\"https:\\\/\\\/ilcentro.net\\\/de\\\/#website\",\"url\":\"https:\\\/\\\/ilcentro.net\\\/de\\\/\",\"name\":\"Il Centro\",\"description\":\"Italienischkurse und Sprachschule f\u00fcr Ausl\u00e4nder\",\"publisher\":{\"@id\":\"https:\\\/\\\/ilcentro.net\\\/de\\\/#organization\"},\"potentialAction\":[{\"@type\":\"SearchAction\",\"target\":{\"@type\":\"EntryPoint\",\"urlTemplate\":\"https:\\\/\\\/ilcentro.net\\\/de\\\/?s={search_term_string}\"},\"query-input\":{\"@type\":\"PropertyValueSpecification\",\"valueRequired\":true,\"valueName\":\"search_term_string\"}}],\"inLanguage\":\"de\"},{\"@type\":\"Organization\",\"@id\":\"https:\\\/\\\/ilcentro.net\\\/de\\\/#organization\",\"name\":\"Il Centro\",\"url\":\"https:\\\/\\\/ilcentro.net\\\/de\\\/\",\"logo\":{\"@type\":\"ImageObject\",\"inLanguage\":\"de\",\"@id\":\"https:\\\/\\\/ilcentro.net\\\/de\\\/#\\\/schema\\\/logo\\\/image\\\/\",\"url\":\"https:\\/\\/ilcentro.net\\/wp-content\\/uploads\\/2024\\/09\\/ilcentro_logo-1.jpg\",\"contentUrl\":\"https:\\/\\/ilcentro.net\\/wp-content\\/uploads\\/2024\\/09\\/ilcentro_logo-1.jpg\",\"width\":304,\"height\":118,\"caption\":\"Il Centro\"},\"image\":{\"@id\":\"https:\\\/\\\/ilcentro.net\\\/de\\\/#\\\/schema\\\/logo\\\/image\\\/\"}},{\"@type\":\"Person\",\"@id\":\"https:\\\/\\\/ilcentro.net\\\/de\\\/#\\\/schema\\\/person\\\/75e0a785acc7f3778785eac2b298d603\",\"name\":\"Patrizia\",\"image\":{\"@type\":\"ImageObject\",\"inLanguage\":\"de\",\"@id\":\"https:\\\/\\\/secure.gravatar.com\\\/avatar\\\/858f80e11d66f9b46da6d476a249fd512f34d340545c106175e60cb8f265c40b?s=96&d=mm&r=g\",\"url\":\"https:\\\/\\\/secure.gravatar.com\\\/avatar\\\/858f80e11d66f9b46da6d476a249fd512f34d340545c106175e60cb8f265c40b?s=96&d=mm&r=g\",\"contentUrl\":\"https:\\\/\\\/secure.gravatar.com\\\/avatar\\\/858f80e11d66f9b46da6d476a249fd512f34d340545c106175e60cb8f265c40b?s=96&d=mm&r=g\",\"caption\":\"Patrizia\"}}]}<\/script>\n<!-- \/ Yoast SEO Premium plugin. -->","yoast_head_json":{"title":"Ausflug in den Beigua-Park ab Mailand | Il Centro Italienischschule","description":"Entdecke den Beigua-Park in Ligurien mit Il Centro: leichte Wanderung ab Mailand, atemberaubende Aussicht aufs Meer und Naturerlebnis.","robots":{"index":"index","follow":"follow","max-snippet":"max-snippet:-1","max-image-preview":"max-image-preview:large","max-video-preview":"max-video-preview:-1"},"canonical":"https:\/\/ilcentro.net\/de\/beigua-park-wanderung-ab-mailand-berge-mit-meerblick\/","og_locale":"de_DE","og_type":"article","og_title":"Beigua-Park Wanderung ab Mailand: Berge mit Meerblick","og_description":"Entdecke den Beigua-Park in Ligurien mit Il Centro: leichte Wanderung ab Mailand, atemberaubende Aussicht aufs Meer und Naturerlebnis.","og_url":"https:\/\/ilcentro.net\/de\/beigua-park-wanderung-ab-mailand-berge-mit-meerblick\/","og_site_name":"Italienisch in Italien lernen | Sprachschule und Kurse in Mailand \u2013 Il Centro","article_published_time":"2026-02-19T09:35:09+00:00","article_modified_time":"2026-02-19T10:21:26+00:00","og_image":[{"width":640,"height":480,"url":"https:\/\/mli3dflm07d6.i.optimole.com\/cb:1X0z.189\/w:auto\/h:auto\/q:mauto\/f:best\/https:\/\/ilcentro.net\/wp-content\/uploads\/2026\/02\/g4.jpeg","type":"image\/jpeg"}],"author":"Patrizia","twitter_card":"summary_large_image","twitter_misc":{"Verfasst von":"Patrizia","Gesch\u00e4tzte Lesezeit":"6\u00a0Minuten"},"schema":{"@context":"https:\/\/schema.org","@graph":[{"@type":"Article","@id":"https:\/\/ilcentro.net\/de\/beigua-park-wanderung-ab-mailand-berge-mit-meerblick\/#article","isPartOf":{"@id":"https:\/\/ilcentro.net\/de\/beigua-park-wanderung-ab-mailand-berge-mit-meerblick\/"},"author":{"name":"Patrizia","@id":"https:\/\/ilcentro.net\/de\/#\/schema\/person\/75e0a785acc7f3778785eac2b298d603"},"headline":"Beigua-Park Wanderung ab Mailand: Berge mit Meerblick","datePublished":"2026-02-19T09:35:09+00:00","dateModified":"2026-02-19T10:21:26+00:00","mainEntityOfPage":{"@id":"https:\/\/ilcentro.net\/de\/beigua-park-wanderung-ab-mailand-berge-mit-meerblick\/"},"wordCount":997,"publisher":{"@id":"https:\/\/ilcentro.net\/de\/#organization"},"image":{"@id":"https:\/\/ilcentro.net\/de\/beigua-park-wanderung-ab-mailand-berge-mit-meerblick\/#primaryimage"},"thumbnailUrl":"https:\/\/mli3dflm07d6.i.optimole.com\/cb:1X0z.189\/w:auto\/h:auto\/q:mauto\/f:best\/https:\/\/ilcentro.net\/wp-content\/uploads\/2026\/02\/g4.jpeg","keywords":["aktivit\u00e4ten f\u00fcr internationale studenten","Ausflug ab Mailand","beigua park","Il Centro Mailand","italien erleben","Italienisch lernen in Italien","italienischschule mailand","natur ligurien","outdoor aktivit\u00e4ten mailand","paolo guide","parco del beigua","tagesausflug mailand","trekking ligurien","unesco geopark","wandern ligurien","wandern mit meerblick","wochenendausflug"],"articleSection":["Unkategorisiert"],"inLanguage":"de"},{"@type":"WebPage","@id":"https:\/\/ilcentro.net\/de\/beigua-park-wanderung-ab-mailand-berge-mit-meerblick\/","url":"https:\/\/ilcentro.net\/de\/beigua-park-wanderung-ab-mailand-berge-mit-meerblick\/","name":"Ausflug in den Beigua-Park ab Mailand | Il Centro Italienischschule","isPartOf":{"@id":"https:\/\/ilcentro.net\/de\/#website"},"primaryImageOfPage":{"@id":"https:\/\/ilcentro.net\/de\/beigua-park-wanderung-ab-mailand-berge-mit-meerblick\/#primaryimage"},"image":{"@id":"https:\/\/ilcentro.net\/de\/beigua-park-wanderung-ab-mailand-berge-mit-meerblick\/#primaryimage"},"thumbnailUrl":"https:\/\/mli3dflm07d6.i.optimole.com\/cb:1X0z.189\/w:auto\/h:auto\/q:mauto\/f:best\/https:\/\/ilcentro.net\/wp-content\/uploads\/2026\/02\/g4.jpeg","datePublished":"2026-02-19T09:35:09+00:00","dateModified":"2026-02-19T10:21:26+00:00","description":"Entdecke den Beigua-Park in Ligurien mit Il Centro: leichte Wanderung ab Mailand, atemberaubende Aussicht aufs Meer und Naturerlebnis.","breadcrumb":{"@id":"https:\/\/ilcentro.net\/de\/beigua-park-wanderung-ab-mailand-berge-mit-meerblick\/#breadcrumb"},"inLanguage":"de","potentialAction":[{"@type":"ReadAction","target":["https:\/\/ilcentro.net\/de\/beigua-park-wanderung-ab-mailand-berge-mit-meerblick\/"]}]},{"@type":"ImageObject","inLanguage":"de","@id":"https:\/\/ilcentro.net\/de\/beigua-park-wanderung-ab-mailand-berge-mit-meerblick\/#primaryimage","url":"https:\/\/mli3dflm07d6.i.optimole.com\/cb:1X0z.189\/w:auto\/h:auto\/q:mauto\/f:best\/https:\/\/ilcentro.net\/wp-content\/uploads\/2026\/02\/g4.jpeg","contentUrl":"https:\/\/mli3dflm07d6.i.optimole.com\/cb:1X0z.189\/w:auto\/h:auto\/q:mauto\/f:best\/https:\/\/ilcentro.net\/wp-content\/uploads\/2026\/02\/g4.jpeg","width":640,"height":480,"caption":"Beigua-Park Wanderung ab Mailand: Berge mit Meerblick"},{"@type":"BreadcrumbList","@id":"https:\/\/ilcentro.net\/de\/beigua-park-wanderung-ab-mailand-berge-mit-meerblick\/#breadcrumb","itemListElement":[{"@type":"ListItem","position":1,"name":"Home","item":"https:\/\/ilcentro.net\/de\/"},{"@type":"ListItem","position":2,"name":"Beigua-Park Wanderung ab Mailand: Berge mit Meerblick"}]},{"@type":"WebSite","@id":"https:\/\/ilcentro.net\/de\/#website","url":"https:\/\/ilcentro.net\/de\/","name":"Il Centro","description":"Italienischkurse und Sprachschule f\u00fcr Ausl\u00e4nder","publisher":{"@id":"https:\/\/ilcentro.net\/de\/#organization"},"potentialAction":[{"@type":"SearchAction","target":{"@type":"EntryPoint","urlTemplate":"https:\/\/ilcentro.net\/de\/?s={search_term_string}"},"query-input":{"@type":"PropertyValueSpecification","valueRequired":true,"valueName":"search_term_string"}}],"inLanguage":"de"},{"@type":"Organization","@id":"https:\/\/ilcentro.net\/de\/#organization","name":"Il Centro","url":"https:\/\/ilcentro.net\/de\/","logo":{"@type":"ImageObject","inLanguage":"de","@id":"https:\/\/ilcentro.net\/de\/#\/schema\/logo\/image\/","url":"https:\/\/mli3dflm07d6.i.optimole.com\/cb:1X0z.189\/w:auto\/h:auto\/q:mauto\/f:best\/https:\/\/ilcentro.net\/wp-content\/uploads\/2024\/09\/ilcentro_logo-1.jpg","contentUrl":"https:\/\/mli3dflm07d6.i.optimole.com\/cb:1X0z.189\/w:auto\/h:auto\/q:mauto\/f:best\/https:\/\/ilcentro.net\/wp-content\/uploads\/2024\/09\/ilcentro_logo-1.jpg","width":304,"height":118,"caption":"Il Centro"},"image":{"@id":"https:\/\/ilcentro.net\/de\/#\/schema\/logo\/image\/"}},{"@type":"Person","@id":"https:\/\/ilcentro.net\/de\/#\/schema\/person\/75e0a785acc7f3778785eac2b298d603","name":"Patrizia","image":{"@type":"ImageObject","inLanguage":"de","@id":"https:\/\/secure.gravatar.com\/avatar\/858f80e11d66f9b46da6d476a249fd512f34d340545c106175e60cb8f265c40b?s=96&d=mm&r=g","url":"https:\/\/secure.gravatar.com\/avatar\/858f80e11d66f9b46da6d476a249fd512f34d340545c106175e60cb8f265c40b?s=96&d=mm&r=g","contentUrl":"https:\/\/secure.gravatar.com\/avatar\/858f80e11d66f9b46da6d476a249fd512f34d340545c106175e60cb8f265c40b?s=96&d=mm&r=g","caption":"Patrizia"}}]}},"_links":{"self":[{"href":"https:\/\/ilcentro.net\/de\/wp-json\/wp\/v2\/posts\/31874","targetHints":{"allow":["GET"]}}],"collection":[{"href":"https:\/\/ilcentro.net\/de\/wp-json\/wp\/v2\/posts"}],"about":[{"href":"https:\/\/ilcentro.net\/de\/wp-json\/wp\/v2\/types\/post"}],"author":[{"embeddable":true,"href":"https:\/\/ilcentro.net\/de\/wp-json\/wp\/v2\/users\/3"}],"replies":[{"embeddable":true,"href":"https:\/\/ilcentro.net\/de\/wp-json\/wp\/v2\/comments?post=31874"}],"version-history":[{"count":5,"href":"https:\/\/ilcentro.net\/de\/wp-json\/wp\/v2\/posts\/31874\/revisions"}],"predecessor-version":[{"id":31879,"href":"https:\/\/ilcentro.net\/de\/wp-json\/wp\/v2\/posts\/31874\/revisions\/31879"}],"wp:featuredmedia":[{"embeddable":true,"href":"https:\/\/ilcentro.net\/de\/wp-json\/wp\/v2\/media\/31820"}],"wp:attachment":[{"href":"https:\/\/ilcentro.net\/de\/wp-json\/wp\/v2\/media?parent=31874"}],"wp:term":[{"taxonomy":"category","embeddable":true,"href":"https:\/\/ilcentro.net\/de\/wp-json\/wp\/v2\/categories?post=31874"},{"taxonomy":"post_tag","embeddable":true,"href":"https:\/\/ilcentro.net\/de\/wp-json\/wp\/v2\/tags?post=31874"}],"curies":[{"name":"wp","href":"https:\/\/api.w.org\/{rel}","templated":true}]}}