{"id":31703,"date":"2026-02-16T14:43:18","date_gmt":"2026-02-16T14:43:18","guid":{"rendered":"https:\/\/ilcentro.net\/?p=31703"},"modified":"2026-02-16T18:03:34","modified_gmt":"2026-02-16T18:03:34","slug":"asils-nationalversammlung-2026-bologna","status":"publish","type":"post","link":"https:\/\/ilcentro.net\/de\/asils-nationalversammlung-2026-bologna\/","title":{"rendered":"ASILs Nationalversammlung 2026 Bologna"},"content":{"rendered":"\n<div style=\"text-align: justify;\">\n  <div style=\"text-align: justify; font-family: Arial, Helvetica, sans-serif; line-height: 1.7; font-size: 16px; color: #222;\">\n\n    <p>\n      Auch in diesem Jahr hatte <strong>Il Centro \u2013 Schule f\u00fcr Italienische Sprache und Kultur f\u00fcr Ausl\u00e4nder<\/strong> das Vergn\u00fcgen, an der <strong>ASILs-Nationalversammlung<\/strong> teilzunehmen, die 2026 in Bologna stattfand.\n    <\/p>\n\n    <p>\n      Die j\u00e4hrliche ASILs-Versammlung ist stets ein bedeutender und inspirierender Termin, der die Mitgliedsschulen aus ganz Italien zusammenbringt. Sie bietet eine wertvolle Gelegenheit, Kolleginnen und Kollegen zu treffen, Erfahrungen auszutauschen und gemeinsam \u00fcber die Gegenwart und Zukunft des Italienischunterrichts als Fremdsprache nachzudenken.\n    <\/p>\n\n    <p>\n      Teil von ASILs zu sein bedeutet nicht nur eine Anerkennung der Qualit\u00e4t und Seriosit\u00e4t unserer Arbeit, sondern auch eine Verantwortung. F\u00fcr uns bei Il Centro steht ASILs f\u00fcr die Zugeh\u00f6rigkeit zu einem Netzwerk von Schulen, die dieselben Werte teilen: Professionalit\u00e4t, Transparenz, Innovation und eine kontinuierliche Ausrichtung auf die Bed\u00fcrfnisse der Studierenden.\n    <\/p>\n\n    <p>\n      W\u00e4hrend der Versammlung hatten wir die M\u00f6glichkeit, Pr\u00e4sentationen zu verfolgen, an Diskussionen teilzunehmen und verschiedene Ans\u00e4tze im Sprachunterricht, in der Studierendenbetreuung und in der didaktischen Organisation zu vergleichen. Es war au\u00dferdem ein besonders wertvoller Moment, um \u00fcber die Herausforderungen nachzudenken, denen sich italienische Sprachschulen heute stellen m\u00fcssen: internationale Mobilit\u00e4t, Verfahren f\u00fcr Studienvisa, kulturelle Integration sowie die Notwendigkeit, Methoden und didaktische Instrumente st\u00e4ndig weiterzuentwickeln.\n    <\/p>\n\n    <p>\n      Solche Treffen sind entscheidend, weil sie es erm\u00f6glichen, voneinander zu lernen und sich kontinuierlich zu verbessern. Jede Schule bringt ihre eigene Erfahrung, ihr eigenes Bildungsmodell und ihre Perspektive mit \u2013 und genau diese Vielfalt macht die ASILs-Gemeinschaft so stark und dynamisch.\n    <\/p>\n\n    <p>\n      F\u00fcr Il Centro ist die Teilnahme an der Versammlung auch eine Gelegenheit, unsere Mission zu bekr\u00e4ftigen: internationalen Studierenden in Mailand eine hochwertige Lernerfahrung zu bieten \u2013 in einem freundlichen, motivierenden Umfeld, das wirklich auf Kommunikation ausgerichtet ist. Wir sind \u00fcberzeugt, dass das Erlernen einer Sprache sich nicht auf grammatische Regeln beschr\u00e4nken darf, sondern eine Reise durch die italienische Kultur, den Alltag und authentische Begegnungen sein sollte.\n    <\/p>\n\n    <p>\n      Mit neuer Energie und frischen Inspirationen aus Bologna zur\u00fcckzukehren, best\u00e4tigt einmal mehr, wie wichtig es ist, als Netzwerk zusammenzuarbeiten, um die Rolle des Italienischunterrichts in Italien zu st\u00e4rken und eine gemeinsame Vision von Exzellenz zu f\u00f6rdern.\n    <\/p>\n\n    <p>\n      Wir m\u00f6chten ASILs herzlich daf\u00fcr danken, dass eine so gut organisierte und inhaltlich reichhaltige Veranstaltung m\u00f6glich gemacht wurde, sowie allen teilnehmenden Schulen f\u00fcr den Austausch von Ideen, Erfahrungen und bew\u00e4hrten Praktiken. Wir freuen uns, diesen Weg der Zusammenarbeit und des professionellen Wachstums weiterzugehen.\n    <\/p>\n\n    <p style=\"margin-top: 20px;\">\n      Mehr Informationen \u00fcber ASILs finden Sie auf der offiziellen Website:\n      <a href=\"https:\/\/www.asils.it\/\" target=\"_blank\" rel=\"noopener\" style=\"color: #299549; font-weight: bold; text-decoration: none;\">\n        www.asils.it\n      <\/a>\n    <\/p>\n\n    <div style=\"margin: 25px 0; text-align: center;\">\n      <img data-opt-id=1906485528  fetchpriority=\"high\" decoding=\"async\" \n        src=\"https:\/\/mli3dflm07d6.i.optimole.com\/cb:1X0z.189\/w:auto\/h:auto\/q:mauto\/f:best\/https:\/\/ilcentro.net\/wp-content\/uploads\/2026\/02\/Assemblea-nazionale-Asils.jpg\" \n        alt=\"Il Centro bei der ASILs-Nationalversammlung 2026 in Bologna\" \n        style=\"max-width: 100%; height: auto; border-radius: 12px; box-shadow: 0 6px 18px rgba(0,0,0,0.15);\"\n      \/>\n    <\/div>\n\n    <hr style=\"border: none; border-top: 2px solid #e5e5e5; margin: 30px 0;\" \/>\n\n    <h3 style=\"color: #299549; font-size: 22px; font-weight: bold; margin-bottom: 15px;\">\n      Sehen Sie sich das Video mit den Highlights an\n    <\/h3>\n\n    <p style=\"margin-bottom: 18px;\">\n      Unten k\u00f6nnen Sie das offizielle Video mit den Highlights der <strong>ASILs-Nationalversammlung 2026<\/strong> ansehen.\n      <br>\n      Eine wunderbare Zusammenfassung der Atmosph\u00e4re, der wichtigsten Momente und des kooperativen Geistes, der diese Veranstaltung so besonders gemacht hat.\n    <\/p>\n\n    <div style=\"position: relative; padding-bottom: 56.25%; height: 0; overflow: hidden; border-radius: 12px; margin-bottom: 20px;\">\n      <iframe style=\"position: absolute; top: 0; left: 0; width: 100%; height: 100%; border: 0;\"\n        title=\"ASILs National Assembly 2026 - Highlights\"\n        src=\"https:\/\/www.youtube.com\/embed\/ycz1LnR70fc\"\n        allowfullscreen=\"allowfullscreen\">\n      <\/iframe>\n    <\/div>\n\n    <p style=\"margin-top: 18px;\">\n      <strong>#IlCentroMailand #ASILs #ItalienischLernenInItalien #ItalienischF\u00fcrAusl\u00e4nder #Italienischschule #ItalienischInMailand #ItalienischLernenInMailand #ItalienischeKultur #Italienischkurse #ItalienischschuleInItalien<\/strong>\n    <\/p>\n\n  <\/div>\n<\/div>\n\n","protected":false},"excerpt":{"rendered":"<p>Auch in diesem Jahr hatte Il Centro \u2013 Schule f\u00fcr Italienische Sprache und Kultur f\u00fcr Ausl\u00e4nder das Vergn\u00fcgen, an der ASILs-Nationalversammlung teilzunehmen, die 2026 in Bologna stattfand. Die j\u00e4hrliche ASILs-Versammlung ist stets ein bedeutender und inspirierender Termin, der die Mitgliedsschulen aus ganz Italien zusammenbringt. Sie bietet eine wertvolle Gelegenheit, Kolleginnen und Kollegen zu treffen, Erfahrungen [&hellip;]<\/p>\n","protected":false},"author":3,"featured_media":31680,"comment_status":"closed","ping_status":"closed","sticky":false,"template":"","format":"standard","meta":{"_acf_changed":false,"_joinchat":[],"footnotes":""},"categories":[14],"tags":[2293,2297,824,1111,140,2294,2295,2296,2292],"class_list":["post-31703","post","type-post","status-publish","format-standard","has-post-thumbnail","hentry","category-unkategorisiert","tag-asils-veranstaltung","tag-fortbildung-sprachschulen-italien","tag-il-centro-mailand","tag-italienisch-lernen-in-mailand","tag-italienische-sprachschule","tag-italienischschule-in-italien","tag-italienischunterricht-fuer-auslaender","tag-sprachschule-in-mailand","tag-treffen-italienischer-sprachschulen"],"acf":[],"yoast_head":"<!-- This site is optimized with the Yoast SEO Premium plugin v27.4 (Yoast SEO v27.4) - https:\/\/yoast.com\/product\/yoast-seo-premium-wordpress\/ -->\n<title>ASILS Nationalversammlung 2026 in Bologna | Il Centro Mailand<\/title>\n<meta name=\"description\" content=\"Il Centro nahm an der ASILs Nationalversammlung 2026 in Bologna teil: ein wichtiges Treffen italienischer Sprachschulen mit Innovation.\" \/>\n<meta name=\"robots\" content=\"index, follow, max-snippet:-1, max-image-preview:large, max-video-preview:-1\" \/>\n<link rel=\"canonical\" href=\"https:\/\/ilcentro.net\/de\/asils-nationalversammlung-2026-bologna\/\" \/>\n<meta property=\"og:locale\" content=\"de_DE\" \/>\n<meta property=\"og:type\" content=\"article\" \/>\n<meta property=\"og:title\" content=\"ASILs Nationalversammlung 2026 Bologna\" \/>\n<meta property=\"og:description\" content=\"Il Centro nahm an der ASILs Nationalversammlung 2026 in Bologna teil: ein wichtiges Treffen italienischer Sprachschulen mit Innovation.\" \/>\n<meta property=\"og:url\" content=\"https:\/\/ilcentro.net\/de\/asils-nationalversammlung-2026-bologna\/\" \/>\n<meta property=\"og:site_name\" content=\"Italienisch in Italien lernen | Sprachschule und Kurse in Mailand \u2013 Il Centro\" \/>\n<meta property=\"article:published_time\" content=\"2026-02-16T14:43:18+00:00\" \/>\n<meta property=\"article:modified_time\" content=\"2026-02-16T18:03:34+00:00\" \/>\n<meta property=\"og:image\" content=\"https:\/\/mli3dflm07d6.i.optimole.com\/cb:1X0z.189\/w:auto\/h:auto\/q:mauto\/f:best\/https:\/\/ilcentro.net\/wp-content\/uploads\/2026\/02\/asils9.jpeg\" \/>\n\t<meta property=\"og:image:width\" content=\"1600\" \/>\n\t<meta property=\"og:image:height\" content=\"1200\" \/>\n\t<meta property=\"og:image:type\" content=\"image\/jpeg\" \/>\n<meta name=\"author\" content=\"Patrizia\" \/>\n<meta name=\"twitter:card\" content=\"summary_large_image\" \/>\n<meta name=\"twitter:label1\" content=\"Verfasst von\" \/>\n\t<meta name=\"twitter:data1\" content=\"Patrizia\" \/>\n\t<meta name=\"twitter:label2\" content=\"Gesch\u00e4tzte Lesezeit\" \/>\n\t<meta name=\"twitter:data2\" content=\"3\u00a0Minuten\" \/>\n<script type=\"application\/ld+json\" class=\"yoast-schema-graph\">{\"@context\":\"https:\\\/\\\/schema.org\",\"@graph\":[{\"@type\":\"Article\",\"@id\":\"https:\\\/\\\/ilcentro.net\\\/de\\\/asils-nationalversammlung-2026-bologna\\\/#article\",\"isPartOf\":{\"@id\":\"https:\\\/\\\/ilcentro.net\\\/de\\\/asils-nationalversammlung-2026-bologna\\\/\"},\"author\":{\"name\":\"Patrizia\",\"@id\":\"https:\\\/\\\/ilcentro.net\\\/de\\\/#\\\/schema\\\/person\\\/75e0a785acc7f3778785eac2b298d603\"},\"headline\":\"ASILs Nationalversammlung 2026 Bologna\",\"datePublished\":\"2026-02-16T14:43:18+00:00\",\"dateModified\":\"2026-02-16T18:03:34+00:00\",\"mainEntityOfPage\":{\"@id\":\"https:\\\/\\\/ilcentro.net\\\/de\\\/asils-nationalversammlung-2026-bologna\\\/\"},\"wordCount\":468,\"publisher\":{\"@id\":\"https:\\\/\\\/ilcentro.net\\\/de\\\/#organization\"},\"image\":{\"@id\":\"https:\\\/\\\/ilcentro.net\\\/de\\\/asils-nationalversammlung-2026-bologna\\\/#primaryimage\"},\"thumbnailUrl\":\"https:\\/\\/ilcentro.net\\/wp-content\\/uploads\\/2026\\/02\\/asils9.jpeg\",\"keywords\":[\"ASILs Veranstaltung\",\"Fortbildung Sprachschulen Italien\",\"Il Centro Mailand\",\"Italienisch lernen in Mailand\",\"italienische Sprachschule\",\"Italienischschule in Italien\",\"Italienischunterricht f\u00fcr Ausl\u00e4nder\",\"Sprachschule in Mailand\",\"Treffen italienischer Sprachschulen\"],\"articleSection\":[\"Unkategorisiert\"],\"inLanguage\":\"de\"},{\"@type\":\"WebPage\",\"@id\":\"https:\\\/\\\/ilcentro.net\\\/de\\\/asils-nationalversammlung-2026-bologna\\\/\",\"url\":\"https:\\\/\\\/ilcentro.net\\\/de\\\/asils-nationalversammlung-2026-bologna\\\/\",\"name\":\"ASILS Nationalversammlung 2026 in Bologna | Il Centro Mailand\",\"isPartOf\":{\"@id\":\"https:\\\/\\\/ilcentro.net\\\/de\\\/#website\"},\"primaryImageOfPage\":{\"@id\":\"https:\\\/\\\/ilcentro.net\\\/de\\\/asils-nationalversammlung-2026-bologna\\\/#primaryimage\"},\"image\":{\"@id\":\"https:\\\/\\\/ilcentro.net\\\/de\\\/asils-nationalversammlung-2026-bologna\\\/#primaryimage\"},\"thumbnailUrl\":\"https:\\/\\/ilcentro.net\\/wp-content\\/uploads\\/2026\\/02\\/asils9.jpeg\",\"datePublished\":\"2026-02-16T14:43:18+00:00\",\"dateModified\":\"2026-02-16T18:03:34+00:00\",\"description\":\"Il Centro nahm an der ASILs Nationalversammlung 2026 in Bologna teil: ein wichtiges Treffen italienischer Sprachschulen mit Innovation.\",\"breadcrumb\":{\"@id\":\"https:\\\/\\\/ilcentro.net\\\/de\\\/asils-nationalversammlung-2026-bologna\\\/#breadcrumb\"},\"inLanguage\":\"de\",\"potentialAction\":[{\"@type\":\"ReadAction\",\"target\":[\"https:\\\/\\\/ilcentro.net\\\/de\\\/asils-nationalversammlung-2026-bologna\\\/\"]}]},{\"@type\":\"ImageObject\",\"inLanguage\":\"de\",\"@id\":\"https:\\\/\\\/ilcentro.net\\\/de\\\/asils-nationalversammlung-2026-bologna\\\/#primaryimage\",\"url\":\"https:\\/\\/ilcentro.net\\/wp-content\\/uploads\\/2026\\/02\\/asils9.jpeg\",\"contentUrl\":\"https:\\/\\/ilcentro.net\\/wp-content\\/uploads\\/2026\\/02\\/asils9.jpeg\",\"width\":1600,\"height\":1200,\"caption\":\"Il Centro nahm an der ASILs Nationalversammlung 2026 in Bologna teil: ein wichtiges Treffen italienischer Sprachschulen mit Innovation.\"},{\"@type\":\"BreadcrumbList\",\"@id\":\"https:\\\/\\\/ilcentro.net\\\/de\\\/asils-nationalversammlung-2026-bologna\\\/#breadcrumb\",\"itemListElement\":[{\"@type\":\"ListItem\",\"position\":1,\"name\":\"Home\",\"item\":\"https:\\\/\\\/ilcentro.net\\\/de\\\/\"},{\"@type\":\"ListItem\",\"position\":2,\"name\":\"ASILs Nationalversammlung 2026 Bologna\"}]},{\"@type\":\"WebSite\",\"@id\":\"https:\\\/\\\/ilcentro.net\\\/de\\\/#website\",\"url\":\"https:\\\/\\\/ilcentro.net\\\/de\\\/\",\"name\":\"Il Centro\",\"description\":\"Italienischkurse und Sprachschule f\u00fcr Ausl\u00e4nder\",\"publisher\":{\"@id\":\"https:\\\/\\\/ilcentro.net\\\/de\\\/#organization\"},\"potentialAction\":[{\"@type\":\"SearchAction\",\"target\":{\"@type\":\"EntryPoint\",\"urlTemplate\":\"https:\\\/\\\/ilcentro.net\\\/de\\\/?s={search_term_string}\"},\"query-input\":{\"@type\":\"PropertyValueSpecification\",\"valueRequired\":true,\"valueName\":\"search_term_string\"}}],\"inLanguage\":\"de\"},{\"@type\":\"Organization\",\"@id\":\"https:\\\/\\\/ilcentro.net\\\/de\\\/#organization\",\"name\":\"Il Centro\",\"url\":\"https:\\\/\\\/ilcentro.net\\\/de\\\/\",\"logo\":{\"@type\":\"ImageObject\",\"inLanguage\":\"de\",\"@id\":\"https:\\\/\\\/ilcentro.net\\\/de\\\/#\\\/schema\\\/logo\\\/image\\\/\",\"url\":\"https:\\/\\/ilcentro.net\\/wp-content\\/uploads\\/2024\\/09\\/ilcentro_logo-1.jpg\",\"contentUrl\":\"https:\\/\\/ilcentro.net\\/wp-content\\/uploads\\/2024\\/09\\/ilcentro_logo-1.jpg\",\"width\":304,\"height\":118,\"caption\":\"Il Centro\"},\"image\":{\"@id\":\"https:\\\/\\\/ilcentro.net\\\/de\\\/#\\\/schema\\\/logo\\\/image\\\/\"}},{\"@type\":\"Person\",\"@id\":\"https:\\\/\\\/ilcentro.net\\\/de\\\/#\\\/schema\\\/person\\\/75e0a785acc7f3778785eac2b298d603\",\"name\":\"Patrizia\",\"image\":{\"@type\":\"ImageObject\",\"inLanguage\":\"de\",\"@id\":\"https:\\\/\\\/secure.gravatar.com\\\/avatar\\\/858f80e11d66f9b46da6d476a249fd512f34d340545c106175e60cb8f265c40b?s=96&d=mm&r=g\",\"url\":\"https:\\\/\\\/secure.gravatar.com\\\/avatar\\\/858f80e11d66f9b46da6d476a249fd512f34d340545c106175e60cb8f265c40b?s=96&d=mm&r=g\",\"contentUrl\":\"https:\\\/\\\/secure.gravatar.com\\\/avatar\\\/858f80e11d66f9b46da6d476a249fd512f34d340545c106175e60cb8f265c40b?s=96&d=mm&r=g\",\"caption\":\"Patrizia\"}}]}<\/script>\n<!-- \/ Yoast SEO Premium plugin. -->","yoast_head_json":{"title":"ASILS Nationalversammlung 2026 in Bologna | Il Centro Mailand","description":"Il Centro nahm an der ASILs Nationalversammlung 2026 in Bologna teil: ein wichtiges Treffen italienischer Sprachschulen mit Innovation.","robots":{"index":"index","follow":"follow","max-snippet":"max-snippet:-1","max-image-preview":"max-image-preview:large","max-video-preview":"max-video-preview:-1"},"canonical":"https:\/\/ilcentro.net\/de\/asils-nationalversammlung-2026-bologna\/","og_locale":"de_DE","og_type":"article","og_title":"ASILs Nationalversammlung 2026 Bologna","og_description":"Il Centro nahm an der ASILs Nationalversammlung 2026 in Bologna teil: ein wichtiges Treffen italienischer Sprachschulen mit Innovation.","og_url":"https:\/\/ilcentro.net\/de\/asils-nationalversammlung-2026-bologna\/","og_site_name":"Italienisch in Italien lernen | Sprachschule und Kurse in Mailand \u2013 Il Centro","article_published_time":"2026-02-16T14:43:18+00:00","article_modified_time":"2026-02-16T18:03:34+00:00","og_image":[{"width":1600,"height":1200,"url":"https:\/\/mli3dflm07d6.i.optimole.com\/cb:1X0z.189\/w:auto\/h:auto\/q:mauto\/f:best\/https:\/\/ilcentro.net\/wp-content\/uploads\/2026\/02\/asils9.jpeg","type":"image\/jpeg"}],"author":"Patrizia","twitter_card":"summary_large_image","twitter_misc":{"Verfasst von":"Patrizia","Gesch\u00e4tzte Lesezeit":"3\u00a0Minuten"},"schema":{"@context":"https:\/\/schema.org","@graph":[{"@type":"Article","@id":"https:\/\/ilcentro.net\/de\/asils-nationalversammlung-2026-bologna\/#article","isPartOf":{"@id":"https:\/\/ilcentro.net\/de\/asils-nationalversammlung-2026-bologna\/"},"author":{"name":"Patrizia","@id":"https:\/\/ilcentro.net\/de\/#\/schema\/person\/75e0a785acc7f3778785eac2b298d603"},"headline":"ASILs Nationalversammlung 2026 Bologna","datePublished":"2026-02-16T14:43:18+00:00","dateModified":"2026-02-16T18:03:34+00:00","mainEntityOfPage":{"@id":"https:\/\/ilcentro.net\/de\/asils-nationalversammlung-2026-bologna\/"},"wordCount":468,"publisher":{"@id":"https:\/\/ilcentro.net\/de\/#organization"},"image":{"@id":"https:\/\/ilcentro.net\/de\/asils-nationalversammlung-2026-bologna\/#primaryimage"},"thumbnailUrl":"https:\/\/mli3dflm07d6.i.optimole.com\/cb:1X0z.189\/w:auto\/h:auto\/q:mauto\/f:best\/https:\/\/ilcentro.net\/wp-content\/uploads\/2026\/02\/asils9.jpeg","keywords":["ASILs Veranstaltung","Fortbildung Sprachschulen Italien","Il Centro Mailand","Italienisch lernen in Mailand","italienische Sprachschule","Italienischschule in Italien","Italienischunterricht f\u00fcr Ausl\u00e4nder","Sprachschule in Mailand","Treffen italienischer Sprachschulen"],"articleSection":["Unkategorisiert"],"inLanguage":"de"},{"@type":"WebPage","@id":"https:\/\/ilcentro.net\/de\/asils-nationalversammlung-2026-bologna\/","url":"https:\/\/ilcentro.net\/de\/asils-nationalversammlung-2026-bologna\/","name":"ASILS Nationalversammlung 2026 in Bologna | Il Centro Mailand","isPartOf":{"@id":"https:\/\/ilcentro.net\/de\/#website"},"primaryImageOfPage":{"@id":"https:\/\/ilcentro.net\/de\/asils-nationalversammlung-2026-bologna\/#primaryimage"},"image":{"@id":"https:\/\/ilcentro.net\/de\/asils-nationalversammlung-2026-bologna\/#primaryimage"},"thumbnailUrl":"https:\/\/mli3dflm07d6.i.optimole.com\/cb:1X0z.189\/w:auto\/h:auto\/q:mauto\/f:best\/https:\/\/ilcentro.net\/wp-content\/uploads\/2026\/02\/asils9.jpeg","datePublished":"2026-02-16T14:43:18+00:00","dateModified":"2026-02-16T18:03:34+00:00","description":"Il Centro nahm an der ASILs Nationalversammlung 2026 in Bologna teil: ein wichtiges Treffen italienischer Sprachschulen mit Innovation.","breadcrumb":{"@id":"https:\/\/ilcentro.net\/de\/asils-nationalversammlung-2026-bologna\/#breadcrumb"},"inLanguage":"de","potentialAction":[{"@type":"ReadAction","target":["https:\/\/ilcentro.net\/de\/asils-nationalversammlung-2026-bologna\/"]}]},{"@type":"ImageObject","inLanguage":"de","@id":"https:\/\/ilcentro.net\/de\/asils-nationalversammlung-2026-bologna\/#primaryimage","url":"https:\/\/mli3dflm07d6.i.optimole.com\/cb:1X0z.189\/w:auto\/h:auto\/q:mauto\/f:best\/https:\/\/ilcentro.net\/wp-content\/uploads\/2026\/02\/asils9.jpeg","contentUrl":"https:\/\/mli3dflm07d6.i.optimole.com\/cb:1X0z.189\/w:auto\/h:auto\/q:mauto\/f:best\/https:\/\/ilcentro.net\/wp-content\/uploads\/2026\/02\/asils9.jpeg","width":1600,"height":1200,"caption":"Il Centro nahm an der ASILs Nationalversammlung 2026 in Bologna teil: ein wichtiges Treffen italienischer Sprachschulen mit Innovation."},{"@type":"BreadcrumbList","@id":"https:\/\/ilcentro.net\/de\/asils-nationalversammlung-2026-bologna\/#breadcrumb","itemListElement":[{"@type":"ListItem","position":1,"name":"Home","item":"https:\/\/ilcentro.net\/de\/"},{"@type":"ListItem","position":2,"name":"ASILs Nationalversammlung 2026 Bologna"}]},{"@type":"WebSite","@id":"https:\/\/ilcentro.net\/de\/#website","url":"https:\/\/ilcentro.net\/de\/","name":"Il Centro","description":"Italienischkurse und Sprachschule f\u00fcr Ausl\u00e4nder","publisher":{"@id":"https:\/\/ilcentro.net\/de\/#organization"},"potentialAction":[{"@type":"SearchAction","target":{"@type":"EntryPoint","urlTemplate":"https:\/\/ilcentro.net\/de\/?s={search_term_string}"},"query-input":{"@type":"PropertyValueSpecification","valueRequired":true,"valueName":"search_term_string"}}],"inLanguage":"de"},{"@type":"Organization","@id":"https:\/\/ilcentro.net\/de\/#organization","name":"Il Centro","url":"https:\/\/ilcentro.net\/de\/","logo":{"@type":"ImageObject","inLanguage":"de","@id":"https:\/\/ilcentro.net\/de\/#\/schema\/logo\/image\/","url":"https:\/\/mli3dflm07d6.i.optimole.com\/cb:1X0z.189\/w:auto\/h:auto\/q:mauto\/f:best\/https:\/\/ilcentro.net\/wp-content\/uploads\/2024\/09\/ilcentro_logo-1.jpg","contentUrl":"https:\/\/mli3dflm07d6.i.optimole.com\/cb:1X0z.189\/w:auto\/h:auto\/q:mauto\/f:best\/https:\/\/ilcentro.net\/wp-content\/uploads\/2024\/09\/ilcentro_logo-1.jpg","width":304,"height":118,"caption":"Il Centro"},"image":{"@id":"https:\/\/ilcentro.net\/de\/#\/schema\/logo\/image\/"}},{"@type":"Person","@id":"https:\/\/ilcentro.net\/de\/#\/schema\/person\/75e0a785acc7f3778785eac2b298d603","name":"Patrizia","image":{"@type":"ImageObject","inLanguage":"de","@id":"https:\/\/secure.gravatar.com\/avatar\/858f80e11d66f9b46da6d476a249fd512f34d340545c106175e60cb8f265c40b?s=96&d=mm&r=g","url":"https:\/\/secure.gravatar.com\/avatar\/858f80e11d66f9b46da6d476a249fd512f34d340545c106175e60cb8f265c40b?s=96&d=mm&r=g","contentUrl":"https:\/\/secure.gravatar.com\/avatar\/858f80e11d66f9b46da6d476a249fd512f34d340545c106175e60cb8f265c40b?s=96&d=mm&r=g","caption":"Patrizia"}}]}},"_links":{"self":[{"href":"https:\/\/ilcentro.net\/de\/wp-json\/wp\/v2\/posts\/31703","targetHints":{"allow":["GET"]}}],"collection":[{"href":"https:\/\/ilcentro.net\/de\/wp-json\/wp\/v2\/posts"}],"about":[{"href":"https:\/\/ilcentro.net\/de\/wp-json\/wp\/v2\/types\/post"}],"author":[{"embeddable":true,"href":"https:\/\/ilcentro.net\/de\/wp-json\/wp\/v2\/users\/3"}],"replies":[{"embeddable":true,"href":"https:\/\/ilcentro.net\/de\/wp-json\/wp\/v2\/comments?post=31703"}],"version-history":[{"count":2,"href":"https:\/\/ilcentro.net\/de\/wp-json\/wp\/v2\/posts\/31703\/revisions"}],"predecessor-version":[{"id":31705,"href":"https:\/\/ilcentro.net\/de\/wp-json\/wp\/v2\/posts\/31703\/revisions\/31705"}],"wp:featuredmedia":[{"embeddable":true,"href":"https:\/\/ilcentro.net\/de\/wp-json\/wp\/v2\/media\/31680"}],"wp:attachment":[{"href":"https:\/\/ilcentro.net\/de\/wp-json\/wp\/v2\/media?parent=31703"}],"wp:term":[{"taxonomy":"category","embeddable":true,"href":"https:\/\/ilcentro.net\/de\/wp-json\/wp\/v2\/categories?post=31703"},{"taxonomy":"post_tag","embeddable":true,"href":"https:\/\/ilcentro.net\/de\/wp-json\/wp\/v2\/tags?post=31703"}],"curies":[{"name":"wp","href":"https:\/\/api.w.org\/{rel}","templated":true}]}}