{"id":28217,"date":"2025-12-14T14:36:39","date_gmt":"2025-12-14T14:36:39","guid":{"rendered":"https:\/\/ilcentro.net\/?p=28217"},"modified":"2025-12-14T17:31:28","modified_gmt":"2025-12-14T17:31:28","slug":"die-italienische-kueche-als-immaterielles-unesco-kulturerbe-essen-kultur-und-identitaet","status":"publish","type":"post","link":"https:\/\/ilcentro.net\/de\/die-italienische-kueche-als-immaterielles-unesco-kulturerbe-essen-kultur-und-identitaet\/","title":{"rendered":"Die italienische K\u00fcche als immaterielles UNESCO-Kulturerbe: Essen, Kultur und Identit\u00e4t"},"content":{"rendered":"<div style=\"text-align: justify;\">\n<article>\n<p>Die <strong>italienische K\u00fcche<\/strong> wird weltweit bewundert, kopiert \u2013 und oft missverstanden. Pizza, Pasta und Espresso geh\u00f6ren zu den bekanntesten Symbolen Italiens, doch die italienische Esskultur geht weit \u00fcber einzelne Gerichte hinaus.<\/p>\n<p>Sie stellt ein komplexes kulturelles System dar, gepr\u00e4gt von Geschichte, Geografie, handwerklichem K\u00f6nnen, sozialen Ritualen und generationen\u00fcbergreifender Weitergabe. Aus diesem Grund hat die italienische K\u00fcche internationale Anerkennung nicht nur als Gastronomie, sondern als <strong>immaterielles Kulturerbe<\/strong> erlangt \u2013 als Ausdruck von Identit\u00e4t, Erinnerung und einer gemeinsamen Lebensweise.<\/p>\n<h2>Die UNESCO erkennt die italienische K\u00fcche offiziell als globales immaterielles Kulturerbe an<\/h2>\n<p>In einer historischen und beispiellosen Entscheidung hat die <strong>UNESCO die italienische K\u00fcche offiziell als immaterielles Kulturerbe der Menschheit anerkannt<\/strong>. Damit setzt Italien einen weltweiten Meilenstein: Die italienische K\u00fcche ist die <strong>erste nationale K\u00fcche, die in ihrer Gesamtheit anerkannt wurde<\/strong> \u2013 nicht nur durch einzelne Rezepte, sondern als vollst\u00e4ndiges kulturelles System.<\/p>\n<p>Die Entscheidung wurde <strong>einstimmig<\/strong> vom <strong>Zwischenstaatlichen Ausschuss f\u00fcr die Erhaltung des immateriellen Kulturerbes<\/strong> getroffen, der in <strong>Neu-Delhi, Indien<\/strong>, tagte. Diese Anerkennung unterstreicht den au\u00dfergew\u00f6hnlichen kulturellen Wert der italienischen Esskultur als lebendiges Erbe, das von Gemeinschaften im ganzen Land getragen wird.<\/p>\n<p>Laut UNESCO stellt die italienische K\u00fcche ein komplexes Netzwerk aus Wissen, Ritualen, landwirtschaftlichen Praktiken, handwerklichen Techniken und sozialen Gewohnheiten dar. Von der Familienk\u00fcche \u00fcber lokale M\u00e4rkte bis hin zu Festen und allt\u00e4glichen Mahlzeiten spiegelt sie ein universelles Modell von Nachhaltigkeit, Geselligkeit und kultureller Kontinuit\u00e4t wider.<\/p>\n<p>Weitere Informationen zum UNESCO-Programm f\u00fcr immaterielles Kulturerbe:<br \/>\n<a href=\"https:\/\/ich.unesco.org\/en\/home\" target=\"_blank\" rel=\"noopener\">https:\/\/ich.unesco.org<\/a><\/p>\n<h2>Was bedeutet die Anerkennung durch die UNESCO?<\/h2>\n<p>Die Liste des immateriellen Kulturerbes der UNESCO sch\u00fctzt keine Monumente oder materiellen Objekte, sondern bewahrt <strong>lebendige Traditionen<\/strong>: Praktiken, F\u00e4higkeiten und Kenntnisse, die Gemeinschaften als Teil ihrer kulturellen Identit\u00e4t anerkennen.<\/p>\n<p>Im Fall der italienischen K\u00fcche umfasst dies:<\/p>\n<ul>\n<li>kulinarisches Wissen, das von Generation zu Generation weitergegeben wird<\/li>\n<li>landwirtschaftliche Praktiken, die eng mit den jeweiligen Regionen verbunden sind<\/li>\n<li>Respekt f\u00fcr Saisonalit\u00e4t und Biodiversit\u00e4t<\/li>\n<li>handwerkliche Fertigkeiten und traditionelle Techniken<\/li>\n<li>den sozialen und symbolischen Wert gemeinsamer Mahlzeiten<\/li>\n<\/ul>\n<p>Die italienische K\u00fcche wird somit nicht als statisches Erbe betrachtet, sondern als <strong>dynamische und sich st\u00e4ndig weiterentwickelnde kulturelle Praxis<\/strong>.<\/p>\n<h2>Die Mittelmeerdi\u00e4t: ein kulturelles Modell<\/h2>\n<p><img data-opt-id=693658158  fetchpriority=\"high\" decoding=\"async\" class=\"alignnone size-full wp-image-28147\" src=\"https:\/\/mli3dflm07d6.i.optimole.com\/cb:1X0z.189\/w:auto\/h:auto\/q:mauto\/f:best\/https:\/\/ilcentro.net\/wp-content\/uploads\/2025\/12\/The-Mediterranean-Diet-A-Cultural-Model.png\" alt=\"Die Mittelmeerdi\u00e4t als kulturelles Modell\" width=\"1456\" height=\"816\" srcset=\"https:\/\/mli3dflm07d6.i.optimole.com\/cb:1X0z.189\/w:1456\/h:816\/q:mauto\/f:best\/https:\/\/ilcentro.net\/wp-content\/uploads\/2025\/12\/The-Mediterranean-Diet-A-Cultural-Model.png 1456w, https:\/\/mli3dflm07d6.i.optimole.com\/cb:1X0z.189\/w:300\/h:168\/q:mauto\/f:best\/https:\/\/ilcentro.net\/wp-content\/uploads\/2025\/12\/The-Mediterranean-Diet-A-Cultural-Model.png 300w, https:\/\/mli3dflm07d6.i.optimole.com\/cb:1X0z.189\/w:1024\/h:574\/q:mauto\/f:best\/https:\/\/ilcentro.net\/wp-content\/uploads\/2025\/12\/The-Mediterranean-Diet-A-Cultural-Model.png 1024w, https:\/\/mli3dflm07d6.i.optimole.com\/cb:1X0z.189\/w:768\/h:430\/q:mauto\/f:best\/https:\/\/ilcentro.net\/wp-content\/uploads\/2025\/12\/The-Mediterranean-Diet-A-Cultural-Model.png 768w\" sizes=\"(max-width: 800px) 100vw, 800px\" \/><\/p>\n<p>Eine der bedeutendsten UNESCO-Anerkennungen mit Bezug zu Italien betrifft die <strong>Mittelmeerdi\u00e4t<\/strong>. Diese Auszeichnung best\u00e4tigt, dass Essen nicht nur Ern\u00e4hrung ist, sondern Kultur, soziale Beziehungen und Lebensstil.<\/p>\n<p>Die Mittelmeerdi\u00e4t basiert auf:<\/p>\n<ul>\n<li>Oliven\u00f6l als wichtigste Fettquelle<\/li>\n<li>Gem\u00fcse, H\u00fclsenfr\u00fcchten, Getreide und Obst<\/li>\n<li>m\u00e4\u00dfigem Konsum von Fisch, Milchprodukten und Wein<\/li>\n<li>begrenztem Verzehr von rotem Fleisch<\/li>\n<li>Geselligkeit und gemeinsamen Mahlzeiten<\/li>\n<\/ul>\n<p>Italien spielt eine zentrale Rolle in dieser Tradition, in der das gemeinsame Essen ein Moment des Dialogs, der Bildung und der kulturellen Weitergabe ist.<\/p>\n<h2>Die Kunst des neapolitanischen Pizzaiuolo<\/h2>\n<p><img data-opt-id=134617191  fetchpriority=\"high\" decoding=\"async\" class=\"alignnone size-full wp-image-28154\" src=\"https:\/\/mli3dflm07d6.i.optimole.com\/cb:1X0z.189\/w:auto\/h:auto\/q:mauto\/f:best\/https:\/\/ilcentro.net\/wp-content\/uploads\/2025\/12\/The-Art-of-the-Neapolitan-Pizzaiuolo.png\" alt=\"Die Kunst des neapolitanischen Pizzaiuolo\" width=\"1456\" height=\"816\" srcset=\"https:\/\/mli3dflm07d6.i.optimole.com\/cb:1X0z.189\/w:1456\/h:816\/q:mauto\/f:best\/https:\/\/ilcentro.net\/wp-content\/uploads\/2025\/12\/The-Art-of-the-Neapolitan-Pizzaiuolo.png 1456w, https:\/\/mli3dflm07d6.i.optimole.com\/cb:1X0z.189\/w:300\/h:168\/q:mauto\/f:best\/https:\/\/ilcentro.net\/wp-content\/uploads\/2025\/12\/The-Art-of-the-Neapolitan-Pizzaiuolo.png 300w, https:\/\/mli3dflm07d6.i.optimole.com\/cb:1X0z.189\/w:1024\/h:574\/q:mauto\/f:best\/https:\/\/ilcentro.net\/wp-content\/uploads\/2025\/12\/The-Art-of-the-Neapolitan-Pizzaiuolo.png 1024w, https:\/\/mli3dflm07d6.i.optimole.com\/cb:1X0z.189\/w:768\/h:430\/q:mauto\/f:best\/https:\/\/ilcentro.net\/wp-content\/uploads\/2025\/12\/The-Art-of-the-Neapolitan-Pizzaiuolo.png 768w\" sizes=\"(max-width: 800px) 100vw, 800px\" \/><\/p>\n<p>Im Jahr 2017 erkannte die UNESCO die <strong>Kunst des neapolitanischen Pizzaiuolo<\/strong> als immaterielles Kulturerbe der Menschheit an. Dabei geht es nicht nur um Pizza als Produkt, sondern um die kulturelle Praxis hinter der <strong><a href=\"https:\/\/ilcentro.net\/de\/italienisch-lernen-mit-kochen\/\">Zubereitung von Pizza<\/a><\/strong>.<\/p>\n<p>Die Kunst des Pizzaiolo umfasst:<\/p>\n<ul>\n<li>die Zubereitung und Fermentation des Teigs<\/li>\n<li>die charakteristischen Handbewegungen beim Formen der Pizza<\/li>\n<li>das Backen im Holzofen<\/li>\n<li>die Weitergabe des Handwerks durch Ausbildung<\/li>\n<li>die soziale Rolle der Pizzerien<\/li>\n<\/ul>\n<p>Pizza wird so zu einem Symbol f\u00fcr Identit\u00e4t, handwerkliches K\u00f6nnen und Gemeinschaft.<\/p>\n<h2>Regionale Vielfalt: das Herz der italienischen K\u00fcche<\/h2>\n<p><img data-opt-id=236638443  data-opt-src=\"https:\/\/mli3dflm07d6.i.optimole.com\/cb:1X0z.189\/w:auto\/h:auto\/q:mauto\/f:best\/https:\/\/ilcentro.net\/wp-content\/uploads\/2025\/12\/Italian-cuisine-is-profoundly-regional.png\"  decoding=\"async\" class=\"alignnone size-full wp-image-28160\" src=\"data:image/svg+xml,%3Csvg%20viewBox%3D%220%200%20100%%20100%%22%20width%3D%22100%%22%20height%3D%22100%%22%20xmlns%3D%22http%3A%2F%2Fwww.w3.org%2F2000%2Fsvg%22%3E%3Crect%20width%3D%22100%%22%20height%3D%22100%%22%20fill%3D%22transparent%22%2F%3E%3C%2Fsvg%3E\" alt=\"Die italienische K\u00fcche ist stark regional gepr\u00e4gt\" width=\"928\" height=\"1232\" old-srcset=\"https:\/\/mli3dflm07d6.i.optimole.com\/cb:1X0z.189\/w:928\/h:1232\/q:mauto\/f:best\/https:\/\/ilcentro.net\/wp-content\/uploads\/2025\/12\/Italian-cuisine-is-profoundly-regional.png 928w, https:\/\/mli3dflm07d6.i.optimole.com\/cb:1X0z.189\/w:226\/h:300\/q:mauto\/f:best\/https:\/\/ilcentro.net\/wp-content\/uploads\/2025\/12\/Italian-cuisine-is-profoundly-regional.png 226w, https:\/\/mli3dflm07d6.i.optimole.com\/cb:1X0z.189\/w:771\/h:1024\/q:mauto\/f:best\/https:\/\/ilcentro.net\/wp-content\/uploads\/2025\/12\/Italian-cuisine-is-profoundly-regional.png 771w, https:\/\/mli3dflm07d6.i.optimole.com\/cb:1X0z.189\/w:768\/h:1020\/q:mauto\/f:best\/https:\/\/ilcentro.net\/wp-content\/uploads\/2025\/12\/Italian-cuisine-is-profoundly-regional.png 768w\" \/><\/p>\n<p>Die <strong><a href=\"https:\/\/ilcentro.net\/de\/italienisch-fur-anfanger-sprachuebungen-nutella\/\">italienische K\u00fcche<\/a><\/strong> ist stark regional gepr\u00e4gt. Jede Region hat ihre eigene kulinarische Identit\u00e4t entwickelt, beeinflusst von Geografie, Klima und Geschichte.<\/p>\n<p>Diese au\u00dfergew\u00f6hnliche Vielfalt ist einer der Hauptgr\u00fcnde, warum die italienische K\u00fcche als kulturelles Erbe gilt und nicht als standardisiertes gastronomisches System.<\/p>\n<h2>Essen, Sprache und Identit\u00e4t<\/h2>\n<p><img data-opt-id=488615127  data-opt-src=\"https:\/\/mli3dflm07d6.i.optimole.com\/cb:1X0z.189\/w:auto\/h:auto\/q:mauto\/f:best\/https:\/\/ilcentro.net\/wp-content\/uploads\/2025\/04\/Italian-for-foodies.png\"  loading=\"lazy\" decoding=\"async\" class=\"alignnone size-full wp-image-13292\" src=\"data:image/svg+xml,%3Csvg%20viewBox%3D%220%200%20100%%20100%%22%20width%3D%22100%%22%20height%3D%22100%%22%20xmlns%3D%22http%3A%2F%2Fwww.w3.org%2F2000%2Fsvg%22%3E%3Crect%20width%3D%22100%%22%20height%3D%22100%%22%20fill%3D%22transparent%22%2F%3E%3C%2Fsvg%3E\" alt=\"Italienischer Wortschatz rund ums Essen\" width=\"1024\" height=\"1024\" old-srcset=\"https:\/\/mli3dflm07d6.i.optimole.com\/cb:1X0z.189\/w:1024\/h:1024\/q:mauto\/f:best\/https:\/\/ilcentro.net\/wp-content\/uploads\/2025\/04\/Italian-for-foodies.png 1024w, https:\/\/mli3dflm07d6.i.optimole.com\/cb:1X0z.189\/w:300\/h:300\/q:mauto\/f:best\/https:\/\/ilcentro.net\/wp-content\/uploads\/2025\/04\/Italian-for-foodies.png 300w, https:\/\/mli3dflm07d6.i.optimole.com\/cb:1X0z.189\/w:150\/h:150\/q:mauto\/f:best\/https:\/\/ilcentro.net\/wp-content\/uploads\/2025\/04\/Italian-for-foodies.png 150w, https:\/\/mli3dflm07d6.i.optimole.com\/cb:1X0z.189\/w:768\/h:768\/q:mauto\/f:best\/https:\/\/ilcentro.net\/wp-content\/uploads\/2025\/04\/Italian-for-foodies.png 768w\" \/><\/p>\n<p>Der <strong><a href=\"https:\/\/ilcentro.net\/de\/italienisch-for-foodies-lerne-den-wichtigsten-italienischen-wortschatz-rund-ums-essen\/\">kulinarische Wortschatz<\/a><\/strong> ist tief in der italienischen Alltagssprache verankert. <a href=\"https:\/\/ilcentro.net\/de\/100-gebraeuchlichste-italienische-redewendungen-mit-einfachen-erklaerungen\/\">Ausdr\u00fccke<\/a> wie <em>al dente<\/em>, <em>quanto basta<\/em> oder <em>metterci il cuore<\/em> zeigen, wie stark Essen das Denken und Kommunizieren der Italiener pr\u00e4gt.<\/p>\n<p>Unsere <a href=\"https:\/\/ilcentro.net\/de\/italienisch-lernmethode\/\"><strong>Lernmethode<\/strong><\/a> beginnt immer bei realen Alltagssituationen und f\u00fchrt auf nat\u00fcrliche Weise zur Grammatik \u2013 deshalb ist sie f\u00fcr Lernende jeden Alters geeignet.<\/p>\n<h2>Italienische K\u00fcche und Sprachlernen<\/h2>\n<p><img data-opt-id=2053335360  data-opt-src=\"https:\/\/mli3dflm07d6.i.optimole.com\/cb:1X0z.189\/w:auto\/h:auto\/q:mauto\/f:best\/https:\/\/ilcentro.net\/wp-content\/uploads\/2025\/12\/italian-cuisine-and-italian-learning.png\"  loading=\"lazy\" decoding=\"async\" class=\"alignnone size-full wp-image-28167\" src=\"data:image/svg+xml,%3Csvg%20viewBox%3D%220%200%20100%%20100%%22%20width%3D%22100%%22%20height%3D%22100%%22%20xmlns%3D%22http%3A%2F%2Fwww.w3.org%2F2000%2Fsvg%22%3E%3Crect%20width%3D%22100%%22%20height%3D%22100%%22%20fill%3D%22transparent%22%2F%3E%3C%2Fsvg%3E\" alt=\"Italienische K\u00fcche und Italienisch lernen\" width=\"1312\" height=\"928\" old-srcset=\"https:\/\/mli3dflm07d6.i.optimole.com\/cb:1X0z.189\/w:1312\/h:928\/q:mauto\/f:best\/https:\/\/ilcentro.net\/wp-content\/uploads\/2025\/12\/italian-cuisine-and-italian-learning.png 1312w, https:\/\/mli3dflm07d6.i.optimole.com\/cb:1X0z.189\/w:300\/h:212\/q:mauto\/f:best\/https:\/\/ilcentro.net\/wp-content\/uploads\/2025\/12\/italian-cuisine-and-italian-learning.png 300w, https:\/\/mli3dflm07d6.i.optimole.com\/cb:1X0z.189\/w:1024\/h:724\/q:mauto\/f:best\/https:\/\/ilcentro.net\/wp-content\/uploads\/2025\/12\/italian-cuisine-and-italian-learning.png 1024w, https:\/\/mli3dflm07d6.i.optimole.com\/cb:1X0z.189\/w:768\/h:543\/q:mauto\/f:best\/https:\/\/ilcentro.net\/wp-content\/uploads\/2025\/12\/italian-cuisine-and-italian-learning.png 768w\" \/><\/p>\n<p>An der <strong>Il Centro \u2013 Italienischen Sprachschule f\u00fcr Ausl\u00e4nder<\/strong> sind wir \u00fcberzeugt, dass <strong><a href=\"https:\/\/ilcentro.net\/learn-italian-with-food-the-impact-of-italian-cuisine-on-the-language\/\">Sprachlernen<\/a><\/strong> eng mit dem realen Leben verbunden sein muss.<\/p>\n<p>Die <strong><a href=\"https:\/\/ilcentro.net\/de\/italienisch-lernen-in-der-kueche\/\">italienische K\u00fcche<\/a><\/strong> bietet Lernenden einen nat\u00fcrlichen Zugang, um:<\/p>\n<ul>\n<li>den Wortschatz zu erweitern<\/li>\n<li>authentische Gespr\u00e4che zu \u00fcben<\/li>\n<li>die italienische Kultur zu verstehen<\/li>\n<li>Italien jenseits von Lehrb\u00fcchern zu erleben<\/li>\n<\/ul>\n<h2>Ein lebendiges Erbe<\/h2>\n<p>Die <strong><a href=\"https:\/\/ilcentro.net\/de\/italienisch-lernen-beim-kochen\/\">italienische K\u00fcche<\/a><\/strong> entwickelt sich st\u00e4ndig weiter und bewahrt dabei ihre kulturellen Wurzeln. Die Anerkennung durch die UNESCO sch\u00fctzt nicht nur, <strong>was<\/strong> die Italiener essen, sondern vor allem <strong>wie und warum sie gemeinsam essen<\/strong>.<\/p>\n<p>Wer <a href=\"https:\/\/ilcentro.net\/course\/\">Italienisch lernt<\/a>, wird Teil dieses lebendigen kulturellen Erbes.<\/p>\n<\/article>\n<\/div>\n","protected":false},"excerpt":{"rendered":"<p>Die italienische K\u00fcche wird weltweit bewundert, kopiert \u2013 und oft missverstanden. Pizza, Pasta und Espresso geh\u00f6ren zu den bekanntesten Symbolen Italiens, doch die italienische Esskultur geht weit \u00fcber einzelne Gerichte hinaus. Sie stellt ein komplexes kulturelles System dar, gepr\u00e4gt von Geschichte, Geografie, handwerklichem K\u00f6nnen, sozialen Ritualen und generationen\u00fcbergreifender Weitergabe. Aus diesem Grund hat die italienische [&hellip;]<\/p>\n","protected":false},"author":3,"featured_media":28141,"comment_status":"closed","ping_status":"closed","sticky":false,"template":"","format":"standard","meta":{"_acf_changed":false,"_joinchat":[],"footnotes":""},"categories":[14],"tags":[1806,1802,1804,1803,1805],"class_list":["post-28217","post","type-post","status-publish","format-standard","has-post-thumbnail","hentry","category-unkategorisiert","tag-italienisch-lernen-durch-kultur","tag-italienische-esskultur","tag-mittelmeerdiaet-unesco","tag-neapolitanische-pizza-unesco","tag-unesco-immaterielles-kulturerbe-italien"],"acf":[],"yoast_head":"<!-- This site is optimized with the Yoast SEO Premium plugin v27.4 (Yoast SEO v27.4) - https:\/\/yoast.com\/product\/yoast-seo-premium-wordpress\/ -->\n<title>Italienische K\u00fcche UNESCO-Kulturerbe | Kultur &amp; Sprache<\/title>\n<meta name=\"description\" content=\"Die italienische K\u00fcche ist immaterielles UNESCO-Kulturerbe: die erste K\u00fcche weltweit, die in ihrer Gesamtheit anerkannt wurde.\" \/>\n<meta name=\"robots\" content=\"index, follow, max-snippet:-1, max-image-preview:large, max-video-preview:-1\" \/>\n<link rel=\"canonical\" href=\"https:\/\/ilcentro.net\/de\/die-italienische-kueche-als-immaterielles-unesco-kulturerbe-essen-kultur-und-identitaet\/\" \/>\n<meta property=\"og:locale\" content=\"de_DE\" \/>\n<meta property=\"og:type\" content=\"article\" \/>\n<meta property=\"og:title\" content=\"Die italienische K\u00fcche als immaterielles UNESCO-Kulturerbe: Essen, Kultur und Identit\u00e4t\" \/>\n<meta property=\"og:description\" content=\"Die italienische K\u00fcche ist immaterielles UNESCO-Kulturerbe: die erste K\u00fcche weltweit, die in ihrer Gesamtheit anerkannt wurde.\" \/>\n<meta property=\"og:url\" content=\"https:\/\/ilcentro.net\/de\/die-italienische-kueche-als-immaterielles-unesco-kulturerbe-essen-kultur-und-identitaet\/\" \/>\n<meta property=\"og:site_name\" content=\"Italienisch in Italien lernen | Sprachschule und Kurse in Mailand \u2013 Il Centro\" \/>\n<meta property=\"article:published_time\" content=\"2025-12-14T14:36:39+00:00\" \/>\n<meta property=\"article:modified_time\" content=\"2025-12-14T17:31:28+00:00\" \/>\n<meta property=\"og:image\" content=\"https:\/\/mli3dflm07d6.i.optimole.com\/cb:1X0z.189\/w:auto\/h:auto\/q:mauto\/f:best\/https:\/\/ilcentro.net\/wp-content\/uploads\/2025\/12\/cucina-italiana.jpeg\" \/>\n\t<meta property=\"og:image:width\" content=\"992\" \/>\n\t<meta property=\"og:image:height\" content=\"545\" \/>\n\t<meta property=\"og:image:type\" content=\"image\/jpeg\" \/>\n<meta name=\"author\" content=\"Patrizia\" \/>\n<meta name=\"twitter:card\" content=\"summary_large_image\" \/>\n<meta name=\"twitter:label1\" content=\"Verfasst von\" \/>\n\t<meta name=\"twitter:data1\" content=\"Patrizia\" \/>\n\t<meta name=\"twitter:label2\" content=\"Gesch\u00e4tzte Lesezeit\" \/>\n\t<meta name=\"twitter:data2\" content=\"5\u00a0Minuten\" \/>\n<script type=\"application\/ld+json\" class=\"yoast-schema-graph\">{\"@context\":\"https:\\\/\\\/schema.org\",\"@graph\":[{\"@type\":\"Article\",\"@id\":\"https:\\\/\\\/ilcentro.net\\\/de\\\/die-italienische-kueche-als-immaterielles-unesco-kulturerbe-essen-kultur-und-identitaet\\\/#article\",\"isPartOf\":{\"@id\":\"https:\\\/\\\/ilcentro.net\\\/de\\\/die-italienische-kueche-als-immaterielles-unesco-kulturerbe-essen-kultur-und-identitaet\\\/\"},\"author\":{\"name\":\"Patrizia\",\"@id\":\"https:\\\/\\\/ilcentro.net\\\/de\\\/#\\\/schema\\\/person\\\/75e0a785acc7f3778785eac2b298d603\"},\"headline\":\"Die italienische K\u00fcche als immaterielles UNESCO-Kulturerbe: Essen, Kultur und Identit\u00e4t\",\"datePublished\":\"2025-12-14T14:36:39+00:00\",\"dateModified\":\"2025-12-14T17:31:28+00:00\",\"mainEntityOfPage\":{\"@id\":\"https:\\\/\\\/ilcentro.net\\\/de\\\/die-italienische-kueche-als-immaterielles-unesco-kulturerbe-essen-kultur-und-identitaet\\\/\"},\"wordCount\":783,\"publisher\":{\"@id\":\"https:\\\/\\\/ilcentro.net\\\/de\\\/#organization\"},\"image\":{\"@id\":\"https:\\\/\\\/ilcentro.net\\\/de\\\/die-italienische-kueche-als-immaterielles-unesco-kulturerbe-essen-kultur-und-identitaet\\\/#primaryimage\"},\"thumbnailUrl\":\"https:\\/\\/ilcentro.net\\/wp-content\\/uploads\\/2025\\/12\\/cucina-italiana.jpeg\",\"keywords\":[\"Italienisch lernen durch Kultur\",\"italienische Esskultur\",\"Mittelmeerdi\u00e4t UNESCO\",\"neapolitanische Pizza UNESCO\",\"UNESCO immaterielles Kulturerbe Italien\"],\"articleSection\":[\"Unkategorisiert\"],\"inLanguage\":\"de\"},{\"@type\":\"WebPage\",\"@id\":\"https:\\\/\\\/ilcentro.net\\\/de\\\/die-italienische-kueche-als-immaterielles-unesco-kulturerbe-essen-kultur-und-identitaet\\\/\",\"url\":\"https:\\\/\\\/ilcentro.net\\\/de\\\/die-italienische-kueche-als-immaterielles-unesco-kulturerbe-essen-kultur-und-identitaet\\\/\",\"name\":\"Italienische K\u00fcche UNESCO-Kulturerbe | Kultur & Sprache\",\"isPartOf\":{\"@id\":\"https:\\\/\\\/ilcentro.net\\\/de\\\/#website\"},\"primaryImageOfPage\":{\"@id\":\"https:\\\/\\\/ilcentro.net\\\/de\\\/die-italienische-kueche-als-immaterielles-unesco-kulturerbe-essen-kultur-und-identitaet\\\/#primaryimage\"},\"image\":{\"@id\":\"https:\\\/\\\/ilcentro.net\\\/de\\\/die-italienische-kueche-als-immaterielles-unesco-kulturerbe-essen-kultur-und-identitaet\\\/#primaryimage\"},\"thumbnailUrl\":\"https:\\/\\/ilcentro.net\\/wp-content\\/uploads\\/2025\\/12\\/cucina-italiana.jpeg\",\"datePublished\":\"2025-12-14T14:36:39+00:00\",\"dateModified\":\"2025-12-14T17:31:28+00:00\",\"description\":\"Die italienische K\u00fcche ist immaterielles UNESCO-Kulturerbe: die erste K\u00fcche weltweit, die in ihrer Gesamtheit anerkannt wurde.\",\"breadcrumb\":{\"@id\":\"https:\\\/\\\/ilcentro.net\\\/de\\\/die-italienische-kueche-als-immaterielles-unesco-kulturerbe-essen-kultur-und-identitaet\\\/#breadcrumb\"},\"inLanguage\":\"de\",\"potentialAction\":[{\"@type\":\"ReadAction\",\"target\":[\"https:\\\/\\\/ilcentro.net\\\/de\\\/die-italienische-kueche-als-immaterielles-unesco-kulturerbe-essen-kultur-und-identitaet\\\/\"]}]},{\"@type\":\"ImageObject\",\"inLanguage\":\"de\",\"@id\":\"https:\\\/\\\/ilcentro.net\\\/de\\\/die-italienische-kueche-als-immaterielles-unesco-kulturerbe-essen-kultur-und-identitaet\\\/#primaryimage\",\"url\":\"https:\\/\\/ilcentro.net\\/wp-content\\/uploads\\/2025\\/12\\/cucina-italiana.jpeg\",\"contentUrl\":\"https:\\/\\/ilcentro.net\\/wp-content\\/uploads\\/2025\\/12\\/cucina-italiana.jpeg\",\"width\":992,\"height\":545,\"caption\":\"Die italienische K\u00fcche ist immaterielles UNESCO-Kulturerbe: die erste K\u00fcche weltweit, die in ihrer Gesamtheit anerkannt wurde.\"},{\"@type\":\"BreadcrumbList\",\"@id\":\"https:\\\/\\\/ilcentro.net\\\/de\\\/die-italienische-kueche-als-immaterielles-unesco-kulturerbe-essen-kultur-und-identitaet\\\/#breadcrumb\",\"itemListElement\":[{\"@type\":\"ListItem\",\"position\":1,\"name\":\"Home\",\"item\":\"https:\\\/\\\/ilcentro.net\\\/de\\\/\"},{\"@type\":\"ListItem\",\"position\":2,\"name\":\"Die italienische K\u00fcche als immaterielles UNESCO-Kulturerbe: Essen, Kultur und Identit\u00e4t\"}]},{\"@type\":\"WebSite\",\"@id\":\"https:\\\/\\\/ilcentro.net\\\/de\\\/#website\",\"url\":\"https:\\\/\\\/ilcentro.net\\\/de\\\/\",\"name\":\"Il Centro\",\"description\":\"Italienischkurse und Sprachschule f\u00fcr Ausl\u00e4nder\",\"publisher\":{\"@id\":\"https:\\\/\\\/ilcentro.net\\\/de\\\/#organization\"},\"potentialAction\":[{\"@type\":\"SearchAction\",\"target\":{\"@type\":\"EntryPoint\",\"urlTemplate\":\"https:\\\/\\\/ilcentro.net\\\/de\\\/?s={search_term_string}\"},\"query-input\":{\"@type\":\"PropertyValueSpecification\",\"valueRequired\":true,\"valueName\":\"search_term_string\"}}],\"inLanguage\":\"de\"},{\"@type\":\"Organization\",\"@id\":\"https:\\\/\\\/ilcentro.net\\\/de\\\/#organization\",\"name\":\"Il Centro\",\"url\":\"https:\\\/\\\/ilcentro.net\\\/de\\\/\",\"logo\":{\"@type\":\"ImageObject\",\"inLanguage\":\"de\",\"@id\":\"https:\\\/\\\/ilcentro.net\\\/de\\\/#\\\/schema\\\/logo\\\/image\\\/\",\"url\":\"https:\\/\\/ilcentro.net\\/wp-content\\/uploads\\/2024\\/09\\/ilcentro_logo-1.jpg\",\"contentUrl\":\"https:\\/\\/ilcentro.net\\/wp-content\\/uploads\\/2024\\/09\\/ilcentro_logo-1.jpg\",\"width\":304,\"height\":118,\"caption\":\"Il Centro\"},\"image\":{\"@id\":\"https:\\\/\\\/ilcentro.net\\\/de\\\/#\\\/schema\\\/logo\\\/image\\\/\"}},{\"@type\":\"Person\",\"@id\":\"https:\\\/\\\/ilcentro.net\\\/de\\\/#\\\/schema\\\/person\\\/75e0a785acc7f3778785eac2b298d603\",\"name\":\"Patrizia\",\"image\":{\"@type\":\"ImageObject\",\"inLanguage\":\"de\",\"@id\":\"https:\\\/\\\/secure.gravatar.com\\\/avatar\\\/858f80e11d66f9b46da6d476a249fd512f34d340545c106175e60cb8f265c40b?s=96&d=mm&r=g\",\"url\":\"https:\\\/\\\/secure.gravatar.com\\\/avatar\\\/858f80e11d66f9b46da6d476a249fd512f34d340545c106175e60cb8f265c40b?s=96&d=mm&r=g\",\"contentUrl\":\"https:\\\/\\\/secure.gravatar.com\\\/avatar\\\/858f80e11d66f9b46da6d476a249fd512f34d340545c106175e60cb8f265c40b?s=96&d=mm&r=g\",\"caption\":\"Patrizia\"}}]}<\/script>\n<!-- \/ Yoast SEO Premium plugin. -->","yoast_head_json":{"title":"Italienische K\u00fcche UNESCO-Kulturerbe | Kultur & Sprache","description":"Die italienische K\u00fcche ist immaterielles UNESCO-Kulturerbe: die erste K\u00fcche weltweit, die in ihrer Gesamtheit anerkannt wurde.","robots":{"index":"index","follow":"follow","max-snippet":"max-snippet:-1","max-image-preview":"max-image-preview:large","max-video-preview":"max-video-preview:-1"},"canonical":"https:\/\/ilcentro.net\/de\/die-italienische-kueche-als-immaterielles-unesco-kulturerbe-essen-kultur-und-identitaet\/","og_locale":"de_DE","og_type":"article","og_title":"Die italienische K\u00fcche als immaterielles UNESCO-Kulturerbe: Essen, Kultur und Identit\u00e4t","og_description":"Die italienische K\u00fcche ist immaterielles UNESCO-Kulturerbe: die erste K\u00fcche weltweit, die in ihrer Gesamtheit anerkannt wurde.","og_url":"https:\/\/ilcentro.net\/de\/die-italienische-kueche-als-immaterielles-unesco-kulturerbe-essen-kultur-und-identitaet\/","og_site_name":"Italienisch in Italien lernen | Sprachschule und Kurse in Mailand \u2013 Il Centro","article_published_time":"2025-12-14T14:36:39+00:00","article_modified_time":"2025-12-14T17:31:28+00:00","og_image":[{"width":992,"height":545,"url":"https:\/\/mli3dflm07d6.i.optimole.com\/cb:1X0z.189\/w:auto\/h:auto\/q:mauto\/f:best\/https:\/\/ilcentro.net\/wp-content\/uploads\/2025\/12\/cucina-italiana.jpeg","type":"image\/jpeg"}],"author":"Patrizia","twitter_card":"summary_large_image","twitter_misc":{"Verfasst von":"Patrizia","Gesch\u00e4tzte Lesezeit":"5\u00a0Minuten"},"schema":{"@context":"https:\/\/schema.org","@graph":[{"@type":"Article","@id":"https:\/\/ilcentro.net\/de\/die-italienische-kueche-als-immaterielles-unesco-kulturerbe-essen-kultur-und-identitaet\/#article","isPartOf":{"@id":"https:\/\/ilcentro.net\/de\/die-italienische-kueche-als-immaterielles-unesco-kulturerbe-essen-kultur-und-identitaet\/"},"author":{"name":"Patrizia","@id":"https:\/\/ilcentro.net\/de\/#\/schema\/person\/75e0a785acc7f3778785eac2b298d603"},"headline":"Die italienische K\u00fcche als immaterielles UNESCO-Kulturerbe: Essen, Kultur und Identit\u00e4t","datePublished":"2025-12-14T14:36:39+00:00","dateModified":"2025-12-14T17:31:28+00:00","mainEntityOfPage":{"@id":"https:\/\/ilcentro.net\/de\/die-italienische-kueche-als-immaterielles-unesco-kulturerbe-essen-kultur-und-identitaet\/"},"wordCount":783,"publisher":{"@id":"https:\/\/ilcentro.net\/de\/#organization"},"image":{"@id":"https:\/\/ilcentro.net\/de\/die-italienische-kueche-als-immaterielles-unesco-kulturerbe-essen-kultur-und-identitaet\/#primaryimage"},"thumbnailUrl":"https:\/\/mli3dflm07d6.i.optimole.com\/cb:1X0z.189\/w:auto\/h:auto\/q:mauto\/f:best\/https:\/\/ilcentro.net\/wp-content\/uploads\/2025\/12\/cucina-italiana.jpeg","keywords":["Italienisch lernen durch Kultur","italienische Esskultur","Mittelmeerdi\u00e4t UNESCO","neapolitanische Pizza UNESCO","UNESCO immaterielles Kulturerbe Italien"],"articleSection":["Unkategorisiert"],"inLanguage":"de"},{"@type":"WebPage","@id":"https:\/\/ilcentro.net\/de\/die-italienische-kueche-als-immaterielles-unesco-kulturerbe-essen-kultur-und-identitaet\/","url":"https:\/\/ilcentro.net\/de\/die-italienische-kueche-als-immaterielles-unesco-kulturerbe-essen-kultur-und-identitaet\/","name":"Italienische K\u00fcche UNESCO-Kulturerbe | Kultur & Sprache","isPartOf":{"@id":"https:\/\/ilcentro.net\/de\/#website"},"primaryImageOfPage":{"@id":"https:\/\/ilcentro.net\/de\/die-italienische-kueche-als-immaterielles-unesco-kulturerbe-essen-kultur-und-identitaet\/#primaryimage"},"image":{"@id":"https:\/\/ilcentro.net\/de\/die-italienische-kueche-als-immaterielles-unesco-kulturerbe-essen-kultur-und-identitaet\/#primaryimage"},"thumbnailUrl":"https:\/\/mli3dflm07d6.i.optimole.com\/cb:1X0z.189\/w:auto\/h:auto\/q:mauto\/f:best\/https:\/\/ilcentro.net\/wp-content\/uploads\/2025\/12\/cucina-italiana.jpeg","datePublished":"2025-12-14T14:36:39+00:00","dateModified":"2025-12-14T17:31:28+00:00","description":"Die italienische K\u00fcche ist immaterielles UNESCO-Kulturerbe: die erste K\u00fcche weltweit, die in ihrer Gesamtheit anerkannt wurde.","breadcrumb":{"@id":"https:\/\/ilcentro.net\/de\/die-italienische-kueche-als-immaterielles-unesco-kulturerbe-essen-kultur-und-identitaet\/#breadcrumb"},"inLanguage":"de","potentialAction":[{"@type":"ReadAction","target":["https:\/\/ilcentro.net\/de\/die-italienische-kueche-als-immaterielles-unesco-kulturerbe-essen-kultur-und-identitaet\/"]}]},{"@type":"ImageObject","inLanguage":"de","@id":"https:\/\/ilcentro.net\/de\/die-italienische-kueche-als-immaterielles-unesco-kulturerbe-essen-kultur-und-identitaet\/#primaryimage","url":"https:\/\/mli3dflm07d6.i.optimole.com\/cb:1X0z.189\/w:auto\/h:auto\/q:mauto\/f:best\/https:\/\/ilcentro.net\/wp-content\/uploads\/2025\/12\/cucina-italiana.jpeg","contentUrl":"https:\/\/mli3dflm07d6.i.optimole.com\/cb:1X0z.189\/w:auto\/h:auto\/q:mauto\/f:best\/https:\/\/ilcentro.net\/wp-content\/uploads\/2025\/12\/cucina-italiana.jpeg","width":992,"height":545,"caption":"Die italienische K\u00fcche ist immaterielles UNESCO-Kulturerbe: die erste K\u00fcche weltweit, die in ihrer Gesamtheit anerkannt wurde."},{"@type":"BreadcrumbList","@id":"https:\/\/ilcentro.net\/de\/die-italienische-kueche-als-immaterielles-unesco-kulturerbe-essen-kultur-und-identitaet\/#breadcrumb","itemListElement":[{"@type":"ListItem","position":1,"name":"Home","item":"https:\/\/ilcentro.net\/de\/"},{"@type":"ListItem","position":2,"name":"Die italienische K\u00fcche als immaterielles UNESCO-Kulturerbe: Essen, Kultur und Identit\u00e4t"}]},{"@type":"WebSite","@id":"https:\/\/ilcentro.net\/de\/#website","url":"https:\/\/ilcentro.net\/de\/","name":"Il Centro","description":"Italienischkurse und Sprachschule f\u00fcr Ausl\u00e4nder","publisher":{"@id":"https:\/\/ilcentro.net\/de\/#organization"},"potentialAction":[{"@type":"SearchAction","target":{"@type":"EntryPoint","urlTemplate":"https:\/\/ilcentro.net\/de\/?s={search_term_string}"},"query-input":{"@type":"PropertyValueSpecification","valueRequired":true,"valueName":"search_term_string"}}],"inLanguage":"de"},{"@type":"Organization","@id":"https:\/\/ilcentro.net\/de\/#organization","name":"Il Centro","url":"https:\/\/ilcentro.net\/de\/","logo":{"@type":"ImageObject","inLanguage":"de","@id":"https:\/\/ilcentro.net\/de\/#\/schema\/logo\/image\/","url":"https:\/\/mli3dflm07d6.i.optimole.com\/cb:1X0z.189\/w:auto\/h:auto\/q:mauto\/f:best\/https:\/\/ilcentro.net\/wp-content\/uploads\/2024\/09\/ilcentro_logo-1.jpg","contentUrl":"https:\/\/mli3dflm07d6.i.optimole.com\/cb:1X0z.189\/w:auto\/h:auto\/q:mauto\/f:best\/https:\/\/ilcentro.net\/wp-content\/uploads\/2024\/09\/ilcentro_logo-1.jpg","width":304,"height":118,"caption":"Il Centro"},"image":{"@id":"https:\/\/ilcentro.net\/de\/#\/schema\/logo\/image\/"}},{"@type":"Person","@id":"https:\/\/ilcentro.net\/de\/#\/schema\/person\/75e0a785acc7f3778785eac2b298d603","name":"Patrizia","image":{"@type":"ImageObject","inLanguage":"de","@id":"https:\/\/secure.gravatar.com\/avatar\/858f80e11d66f9b46da6d476a249fd512f34d340545c106175e60cb8f265c40b?s=96&d=mm&r=g","url":"https:\/\/secure.gravatar.com\/avatar\/858f80e11d66f9b46da6d476a249fd512f34d340545c106175e60cb8f265c40b?s=96&d=mm&r=g","contentUrl":"https:\/\/secure.gravatar.com\/avatar\/858f80e11d66f9b46da6d476a249fd512f34d340545c106175e60cb8f265c40b?s=96&d=mm&r=g","caption":"Patrizia"}}]}},"_links":{"self":[{"href":"https:\/\/ilcentro.net\/de\/wp-json\/wp\/v2\/posts\/28217","targetHints":{"allow":["GET"]}}],"collection":[{"href":"https:\/\/ilcentro.net\/de\/wp-json\/wp\/v2\/posts"}],"about":[{"href":"https:\/\/ilcentro.net\/de\/wp-json\/wp\/v2\/types\/post"}],"author":[{"embeddable":true,"href":"https:\/\/ilcentro.net\/de\/wp-json\/wp\/v2\/users\/3"}],"replies":[{"embeddable":true,"href":"https:\/\/ilcentro.net\/de\/wp-json\/wp\/v2\/comments?post=28217"}],"version-history":[{"count":3,"href":"https:\/\/ilcentro.net\/de\/wp-json\/wp\/v2\/posts\/28217\/revisions"}],"predecessor-version":[{"id":28220,"href":"https:\/\/ilcentro.net\/de\/wp-json\/wp\/v2\/posts\/28217\/revisions\/28220"}],"wp:featuredmedia":[{"embeddable":true,"href":"https:\/\/ilcentro.net\/de\/wp-json\/wp\/v2\/media\/28141"}],"wp:attachment":[{"href":"https:\/\/ilcentro.net\/de\/wp-json\/wp\/v2\/media?parent=28217"}],"wp:term":[{"taxonomy":"category","embeddable":true,"href":"https:\/\/ilcentro.net\/de\/wp-json\/wp\/v2\/categories?post=28217"},{"taxonomy":"post_tag","embeddable":true,"href":"https:\/\/ilcentro.net\/de\/wp-json\/wp\/v2\/tags?post=28217"}],"curies":[{"name":"wp","href":"https:\/\/api.w.org\/{rel}","templated":true}]}}