{"id":18546,"date":"2025-08-14T14:40:33","date_gmt":"2025-08-14T14:40:33","guid":{"rendered":"https:\/\/ilcentro.net\/?p=18546"},"modified":"2025-08-12T08:19:08","modified_gmt":"2025-08-12T08:19:08","slug":"ferragosto-in-mailand-bedeutung-geschichte-und-tipps-fuer-den-15-august","status":"publish","type":"post","link":"https:\/\/ilcentro.net\/de\/ferragosto-in-mailand-bedeutung-geschichte-und-tipps-fuer-den-15-august\/","title":{"rendered":"Ferragosto in Mailand: Bedeutung, Geschichte und Tipps f\u00fcr den 15. August"},"content":{"rendered":"<div style=\"text-align: justify;\">\n\n\n<p><strong>Ferragosto in<\/strong> <strong>Mailand<\/strong> \u2013 Der <strong>15. August<\/strong> ist einer der wichtigsten Sommerfeiertage in Italien \u2013 eine einzigartige Mischung aus antiken r\u00f6mischen Br\u00e4uchen, christlichen Festen und moderner Urlaubskultur.<\/p>\n\n\n\n<h3 class=\"wp-block-heading\">&#x1f4dc; Die Herkunft des Wortes \u201eFerragosto\u201c<\/h3>\n\n\n\n<p>Der Name <em>Ferragosto<\/em> stammt vom lateinischen <strong>\u201eFeriae Augusti\u201c<\/strong>, w\u00f6rtlich \u201eRuhe des Augustus\u201c. Er wurde <strong>18 v. Chr.<\/strong> vom Kaiser <strong>Octavian Augustus<\/strong> eingef\u00fchrt, um das Ende der sommerlichen Erntezeit zu feiern und Landarbeitern einige Ruhetage zu g\u00f6nnen \u2013 mit Pferderennen und \u00f6ffentlichen Spielen.<br>Im R\u00f6mischen Reich dauerten die Feierlichkeiten oft mehrere Tage und beinhalteten \u00fcppige Bankette. Es war eine Zeit, um neue Kr\u00e4fte zu sammeln, bevor im Herbst die anstrengende Weinlese begann.<\/p>\n\n\n\n<p>Mit der Ausbreitung des Christentums wurde der <strong>15. August<\/strong> mit dem <strong>Fest Mari\u00e4 Himmelfahrt<\/strong> verbunden, einem der wichtigsten katholischen Feiertage. Der religi\u00f6se Aspekt \u00fcberlagerte die heidnischen Traditionen \u2013 Ferragosto erhielt so eine doppelte Bedeutung: sakral und festlich zugleich.<\/p>\n\n\n\n<p>Im 20. Jahrhundert machten die <strong>\u201eTreni popolari di Ferragosto\u201c<\/strong> (Sonderz\u00fcge zum Feiertag) es vielen Italienern m\u00f6glich, f\u00fcr ein paar Tage ans Meer, an die Seen oder in die Berge zu fahren. Diese Tradition lebt bis heute fort: Str\u00e4nde f\u00fcllen sich, die St\u00e4dte werden ruhiger, und die Italiener nehmen sich Zeit, das Leben zu genie\u00dfen.<\/p>\n\n\n\n<h2 class=\"wp-block-heading\">&#x1f307; Ferragosto in Mailand: Was man unternehmen kann und was ge\u00f6ffnet ist<\/h2>\n\n\n\n<p>Auch wenn viele Mail\u00e4nder ans Meer fahren, hat die Stadt am Ferragosto einen ganz besonderen Charme: ruhigere Stra\u00dfen, ein entspannteres Tempo und zahlreiche kulturelle Highlights, die ihre T\u00fcren f\u00fcr Besucher \u00f6ffnen.<\/p>\n\n\n\n<h3 class=\"wp-block-heading\">&#x1f3db; Museen und Sehensw\u00fcrdigkeiten, die oft ge\u00f6ffnet sind<\/h3>\n\n\n\n<ul class=\"wp-block-list\">\n<li><strong>Mail\u00e4nder Dom<\/strong> (Kathedrale und Terrassen) \u2013 ge\u00f6ffnet mit Feiertagszeiten; die Terrassen bieten einen spektakul\u00e4ren Blick auf die sommerliche Stadt.<\/li>\n\n\n\n<li><strong>Galleria Vittorio Emanuele II<\/strong> \u2013 die historische Passage ist immer zug\u00e4nglich; einige Caf\u00e9s und Restaurants sind ge\u00f6ffnet, auch wenn die meisten Luxusgesch\u00e4fte geschlossen bleiben.<\/li>\n\n\n\n<li><strong>Museo del Novecento<\/strong> \u2013 italienische Kunst der Moderne und Gegenwart.<\/li>\n\n\n\n<li><strong><a href=\"https:\/\/www.youtube.com\/watch?v=7ggE9tTiuPs\">Palazzo Reale<\/a><\/strong> \u2013 oft Schauplatz von Sommerausstellungen.<\/li>\n\n\n\n<li><strong>Castello Sforzesco<\/strong> \u2013 Museen und Innenh\u00f6fe laden zum Besuch ein.<\/li>\n\n\n\n<li><strong><a href=\"https:\/\/ilcentro.net\/de\/italienische-spracherlebnisse-in-mailand-der-orto-botanico-di-brera\/\">Orto Botanico di Brera<\/a><\/strong> \u2013 eine gr\u00fcne Oase im Herzen Mailands.<\/li>\n\n\n\n<li><strong>Triennale Milano<\/strong> \u2013 Ausstellungen zu Design und Architektur, in direkter Nachbarschaft zum Parco Sempione.<\/li>\n<\/ul>\n\n\n\n<p>&#x1f4a1; <em>Tipp<\/em>: Pr\u00fcfen Sie vor dem Besuch immer die aktuellen \u00d6ffnungszeiten auf den offiziellen Websites.<\/p>\n\n\n\n<h3 class=\"wp-block-heading\">&#x1f333; Parks und Freifl\u00e4chen<\/h3>\n\n\n\n<ul class=\"wp-block-list\">\n<li><strong>Parco Sempione<\/strong> \u2013 direkt hinter dem Castello Sforzesco, ideal f\u00fcr ein Picknick oder einen entspannten Spaziergang.<\/li>\n\n\n\n<li><strong>Giardini Indro Montanelli<\/strong> \u2013 historische G\u00e4rten im Stadtteil Porta Venezia.<\/li>\n\n\n\n<li><strong>Biblioteca degli Alberi<\/strong> \u2013 moderne Gr\u00fcnanlage im Viertel Porta Nuova, besonders stimmungsvoll bei Sonnenuntergang.<\/li>\n<\/ul>\n\n\n\n<h3 class=\"wp-block-heading\">&#x1f3ad; Veranstaltungen und besondere Aktivit\u00e4ten<\/h3>\n\n\n\n<ul class=\"wp-block-list\">\n<li><strong>Ferragosto-Konzerte<\/strong> \u2013 in einigen Stadtvierteln und Parks finden Open-Air-Konzerte statt.<\/li>\n\n\n\n<li><strong>Sagre<\/strong> \u2013 kulinarische Dorffeste mit Sommerspezialit\u00e4ten und regionalen K\u00f6stlichkeiten.<\/li>\n\n\n\n<li><strong>Open-Air-Kino<\/strong> \u2013 an verschiedenen Orten in der Stadt werden Sommerabende mit Filmvorf\u00fchrungen gestaltet.<\/li>\n<\/ul>\n\n\n\n<h3 class=\"wp-block-heading\">&#x1f35d; Essen gehen am Ferragosto in Mailand<\/h3>\n\n\n\n<p>Viele Restaurants schlie\u00dfen zum Feiertag, doch wer rechtzeitig reserviert, findet hervorragende Optionen \u2013 vor allem in diesen Stadtvierteln:<\/p>\n\n\n\n<ul class=\"wp-block-list\">\n<li><strong>Brera<\/strong> (nur wenige Schritte von unserer <strong><a href=\"https:\/\/ilcentro.net\/de\/ueber-uns\/\">Sprachschule<\/a><\/strong> entfernt) \u2013 charmante Gassen und traditionelle Trattorien.<\/li>\n\n\n\n<li><strong><a href=\"https:\/\/ilcentro.net\/it\/una-passeggiata-tra-storia-e-bellezza-visita-alla-basilica-di-santeustorgio-e-ai-navigli\/\">Navigli<\/a><\/strong> \u2013 lebhaftes Viertel an den Kan\u00e4len mit zahlreichen Bars und Restaurants.<\/li>\n\n\n\n<li><strong>Porta Nuova und Isola<\/strong> \u2013 moderne Quartiere mit italienischer und internationaler K\u00fcche.<\/li>\n<\/ul>\n\n\n\n<p>Manche Lokale bieten <strong>Ferragosto-Spezialmen\u00fcs<\/strong> mit Fischgerichten, frischer Pasta und saisonalen Desserts wie <em>Pfirsichkuchen<\/em> oder <em>hausgemachtem Gelato<\/em> an.<\/p>\n\n\n\n<h3 class=\"wp-block-heading\">&#x1f687; Verkehr am 15. August<\/h3>\n\n\n\n<ul class=\"wp-block-list\">\n<li><strong>U-Bahn, Busse und Stra\u00dfenbahnen<\/strong> verkehren nach Feiertagsfahrplan \u2013 mit reduzierter Frequenz, aber regul\u00e4rem Betrieb.<\/li>\n\n\n\n<li>Bike-Sharing- und E-Scooter-Dienste sind wie gewohnt verf\u00fcgbar.<\/li>\n\n\n\n<li>Taxis k\u00f6nnten knapp sein \u2013 rechtzeitige Reservierung empfohlen.<\/li>\n<\/ul>\n\n\n\n<p>&#x2705; In <strong><a href=\"https:\/\/ilcentro.net\/de\/italienisch-lernen-in-mailand\/\">Mailand<\/a><\/strong> verleiht Ferragosto der Stadt eine besondere Atmosph\u00e4re \u2013 langsamer, sonniger und \u00fcberraschend entspannt. Ob mit Kunst, Natur oder gutem Essen: Es ist die perfekte Gelegenheit, eine andere Seite der Metropole zu entdecken.<\/p>\n\n\n\n<p><strong>&#x1f4ac; Unsere Italienisch-Sprachschule in Mailand bleibt den ganzen August ge\u00f6ffnet<\/strong>.<br>Wenn Sie Ihren Sommer in Mailand mit dem Erlernen der italienischen Sprache verbinden m\u00f6chten, entdecken Sie unsere Kurse:<br>&#x1f449; <a href=\"https:\/\/ilcentro.net\/de\/course\/\"><strong>Entdecken Sie unsere Italienischkurse in Mailand<\/strong><\/a><\/p>\n\n\n<\/div>","protected":false},"excerpt":{"rendered":"<p>Ferragosto in Mailand \u2013 Der 15. August ist einer der wichtigsten Sommerfeiertage in Italien \u2013 eine einzigartige Mischung aus antiken r\u00f6mischen Br\u00e4uchen, christlichen Festen und moderner Urlaubskultur. &#x1f4dc; Die Herkunft des Wortes \u201eFerragosto\u201c Der Name Ferragosto stammt vom lateinischen \u201eFeriae Augusti\u201c, w\u00f6rtlich \u201eRuhe des Augustus\u201c. Er wurde 18 v. Chr. vom Kaiser Octavian Augustus eingef\u00fchrt, [&hellip;]<\/p>\n","protected":false},"author":3,"featured_media":18513,"comment_status":"open","ping_status":"open","sticky":false,"template":"","format":"standard","meta":{"_acf_changed":false,"_joinchat":[],"footnotes":""},"categories":[14],"tags":[608,120],"class_list":["post-18546","post","type-post","status-publish","format-standard","has-post-thumbnail","hentry","category-unkategorisiert","tag-ferragosto-in-mailand","tag-italienisch-lernen-de"],"acf":[],"yoast_head":"<!-- This site is optimized with the Yoast SEO Premium plugin v27.4 (Yoast SEO v27.4) - https:\/\/yoast.com\/product\/yoast-seo-premium-wordpress\/ -->\n<title>Ferragosto in Mailand: Bedeutung, Geschichte &amp; Tipps - Il Centro<\/title>\n<meta name=\"description\" content=\"Erleben Sie Ferragosto in Mailand: Geschichte, Br\u00e4uche, Events, Museen, Restaurants &amp; Tipps f\u00fcr den 15. August in der Stadt.\" \/>\n<meta name=\"robots\" content=\"index, follow, max-snippet:-1, max-image-preview:large, max-video-preview:-1\" \/>\n<link rel=\"canonical\" href=\"https:\/\/ilcentro.net\/de\/ferragosto-in-mailand-bedeutung-geschichte-und-tipps-fuer-den-15-august\/\" \/>\n<meta property=\"og:locale\" content=\"de_DE\" \/>\n<meta property=\"og:type\" content=\"article\" \/>\n<meta property=\"og:title\" content=\"Ferragosto in Mailand: Bedeutung, Geschichte und Tipps f\u00fcr den 15. August\" \/>\n<meta property=\"og:description\" content=\"Erleben Sie Ferragosto in Mailand: Geschichte, Br\u00e4uche, Events, Museen, Restaurants &amp; Tipps f\u00fcr den 15. August in der Stadt.\" \/>\n<meta property=\"og:url\" content=\"https:\/\/ilcentro.net\/de\/ferragosto-in-mailand-bedeutung-geschichte-und-tipps-fuer-den-15-august\/\" \/>\n<meta property=\"og:site_name\" content=\"Italienisch in Italien lernen | Sprachschule und Kurse in Mailand \u2013 Il Centro\" \/>\n<meta property=\"article:published_time\" content=\"2025-08-14T14:40:33+00:00\" \/>\n<meta property=\"og:image\" content=\"https:\/\/mli3dflm07d6.i.optimole.com\/cb:1X0z.189\/w:585\/h:1024\/q:mauto\/f:best\/https:\/\/ilcentro.net\/wp-content\/uploads\/2025\/08\/ferragosto.png\" \/>\n\t<meta property=\"og:image:width\" content=\"585\" \/>\n\t<meta property=\"og:image:height\" content=\"1024\" \/>\n\t<meta property=\"og:image:type\" content=\"image\/png\" \/>\n<meta name=\"author\" content=\"Patrizia\" \/>\n<meta name=\"twitter:card\" content=\"summary_large_image\" \/>\n<meta name=\"twitter:label1\" content=\"Verfasst von\" \/>\n\t<meta name=\"twitter:data1\" content=\"Patrizia\" \/>\n\t<meta name=\"twitter:label2\" content=\"Gesch\u00e4tzte Lesezeit\" \/>\n\t<meta name=\"twitter:data2\" content=\"3\u00a0Minuten\" \/>\n<script type=\"application\/ld+json\" class=\"yoast-schema-graph\">{\"@context\":\"https:\\\/\\\/schema.org\",\"@graph\":[{\"@type\":\"Article\",\"@id\":\"https:\\\/\\\/ilcentro.net\\\/de\\\/ferragosto-in-mailand-bedeutung-geschichte-und-tipps-fuer-den-15-august\\\/#article\",\"isPartOf\":{\"@id\":\"https:\\\/\\\/ilcentro.net\\\/de\\\/ferragosto-in-mailand-bedeutung-geschichte-und-tipps-fuer-den-15-august\\\/\"},\"author\":{\"name\":\"Patrizia\",\"@id\":\"https:\\\/\\\/ilcentro.net\\\/de\\\/#\\\/schema\\\/person\\\/75e0a785acc7f3778785eac2b298d603\"},\"headline\":\"Ferragosto in Mailand: Bedeutung, Geschichte und Tipps f\u00fcr den 15. August\",\"datePublished\":\"2025-08-14T14:40:33+00:00\",\"mainEntityOfPage\":{\"@id\":\"https:\\\/\\\/ilcentro.net\\\/de\\\/ferragosto-in-mailand-bedeutung-geschichte-und-tipps-fuer-den-15-august\\\/\"},\"wordCount\":671,\"commentCount\":0,\"publisher\":{\"@id\":\"https:\\\/\\\/ilcentro.net\\\/de\\\/#organization\"},\"image\":{\"@id\":\"https:\\\/\\\/ilcentro.net\\\/de\\\/ferragosto-in-mailand-bedeutung-geschichte-und-tipps-fuer-den-15-august\\\/#primaryimage\"},\"thumbnailUrl\":\"https:\\/\\/ilcentro.net\\/wp-content\\/uploads\\/2025\\/08\\/ferragosto.png\",\"keywords\":[\"Ferragosto in Mailand\",\"Italienisch lernen\"],\"articleSection\":[\"Unkategorisiert\"],\"inLanguage\":\"de\",\"potentialAction\":[{\"@type\":\"CommentAction\",\"name\":\"Comment\",\"target\":[\"https:\\\/\\\/ilcentro.net\\\/de\\\/ferragosto-in-mailand-bedeutung-geschichte-und-tipps-fuer-den-15-august\\\/#respond\"]}]},{\"@type\":\"WebPage\",\"@id\":\"https:\\\/\\\/ilcentro.net\\\/de\\\/ferragosto-in-mailand-bedeutung-geschichte-und-tipps-fuer-den-15-august\\\/\",\"url\":\"https:\\\/\\\/ilcentro.net\\\/de\\\/ferragosto-in-mailand-bedeutung-geschichte-und-tipps-fuer-den-15-august\\\/\",\"name\":\"Ferragosto in Mailand: Bedeutung, Geschichte & Tipps - Il Centro\",\"isPartOf\":{\"@id\":\"https:\\\/\\\/ilcentro.net\\\/de\\\/#website\"},\"primaryImageOfPage\":{\"@id\":\"https:\\\/\\\/ilcentro.net\\\/de\\\/ferragosto-in-mailand-bedeutung-geschichte-und-tipps-fuer-den-15-august\\\/#primaryimage\"},\"image\":{\"@id\":\"https:\\\/\\\/ilcentro.net\\\/de\\\/ferragosto-in-mailand-bedeutung-geschichte-und-tipps-fuer-den-15-august\\\/#primaryimage\"},\"thumbnailUrl\":\"https:\\/\\/ilcentro.net\\/wp-content\\/uploads\\/2025\\/08\\/ferragosto.png\",\"datePublished\":\"2025-08-14T14:40:33+00:00\",\"description\":\"Erleben Sie Ferragosto in Mailand: Geschichte, Br\u00e4uche, Events, Museen, Restaurants & Tipps f\u00fcr den 15. August in der Stadt.\",\"breadcrumb\":{\"@id\":\"https:\\\/\\\/ilcentro.net\\\/de\\\/ferragosto-in-mailand-bedeutung-geschichte-und-tipps-fuer-den-15-august\\\/#breadcrumb\"},\"inLanguage\":\"de\",\"potentialAction\":[{\"@type\":\"ReadAction\",\"target\":[\"https:\\\/\\\/ilcentro.net\\\/de\\\/ferragosto-in-mailand-bedeutung-geschichte-und-tipps-fuer-den-15-august\\\/\"]}]},{\"@type\":\"ImageObject\",\"inLanguage\":\"de\",\"@id\":\"https:\\\/\\\/ilcentro.net\\\/de\\\/ferragosto-in-mailand-bedeutung-geschichte-und-tipps-fuer-den-15-august\\\/#primaryimage\",\"url\":\"https:\\/\\/ilcentro.net\\/wp-content\\/uploads\\/2025\\/08\\/ferragosto.png\",\"contentUrl\":\"https:\\/\\/ilcentro.net\\/wp-content\\/uploads\\/2025\\/08\\/ferragosto.png\",\"width\":832,\"height\":1456,\"caption\":\"Ferragosto in Mailand: Bedeutung, Geschichte und Tipps f\u00fcr den 15. August\"},{\"@type\":\"BreadcrumbList\",\"@id\":\"https:\\\/\\\/ilcentro.net\\\/de\\\/ferragosto-in-mailand-bedeutung-geschichte-und-tipps-fuer-den-15-august\\\/#breadcrumb\",\"itemListElement\":[{\"@type\":\"ListItem\",\"position\":1,\"name\":\"Home\",\"item\":\"https:\\\/\\\/ilcentro.net\\\/de\\\/\"},{\"@type\":\"ListItem\",\"position\":2,\"name\":\"Ferragosto in Mailand: Bedeutung, Geschichte und Tipps f\u00fcr den 15. August\"}]},{\"@type\":\"WebSite\",\"@id\":\"https:\\\/\\\/ilcentro.net\\\/de\\\/#website\",\"url\":\"https:\\\/\\\/ilcentro.net\\\/de\\\/\",\"name\":\"Il Centro\",\"description\":\"Italienischkurse und Sprachschule f\u00fcr Ausl\u00e4nder\",\"publisher\":{\"@id\":\"https:\\\/\\\/ilcentro.net\\\/de\\\/#organization\"},\"potentialAction\":[{\"@type\":\"SearchAction\",\"target\":{\"@type\":\"EntryPoint\",\"urlTemplate\":\"https:\\\/\\\/ilcentro.net\\\/de\\\/?s={search_term_string}\"},\"query-input\":{\"@type\":\"PropertyValueSpecification\",\"valueRequired\":true,\"valueName\":\"search_term_string\"}}],\"inLanguage\":\"de\"},{\"@type\":\"Organization\",\"@id\":\"https:\\\/\\\/ilcentro.net\\\/de\\\/#organization\",\"name\":\"Il Centro\",\"url\":\"https:\\\/\\\/ilcentro.net\\\/de\\\/\",\"logo\":{\"@type\":\"ImageObject\",\"inLanguage\":\"de\",\"@id\":\"https:\\\/\\\/ilcentro.net\\\/de\\\/#\\\/schema\\\/logo\\\/image\\\/\",\"url\":\"https:\\/\\/ilcentro.net\\/wp-content\\/uploads\\/2024\\/09\\/ilcentro_logo-1.jpg\",\"contentUrl\":\"https:\\/\\/ilcentro.net\\/wp-content\\/uploads\\/2024\\/09\\/ilcentro_logo-1.jpg\",\"width\":304,\"height\":118,\"caption\":\"Il Centro\"},\"image\":{\"@id\":\"https:\\\/\\\/ilcentro.net\\\/de\\\/#\\\/schema\\\/logo\\\/image\\\/\"}},{\"@type\":\"Person\",\"@id\":\"https:\\\/\\\/ilcentro.net\\\/de\\\/#\\\/schema\\\/person\\\/75e0a785acc7f3778785eac2b298d603\",\"name\":\"Patrizia\",\"image\":{\"@type\":\"ImageObject\",\"inLanguage\":\"de\",\"@id\":\"https:\\\/\\\/secure.gravatar.com\\\/avatar\\\/858f80e11d66f9b46da6d476a249fd512f34d340545c106175e60cb8f265c40b?s=96&d=mm&r=g\",\"url\":\"https:\\\/\\\/secure.gravatar.com\\\/avatar\\\/858f80e11d66f9b46da6d476a249fd512f34d340545c106175e60cb8f265c40b?s=96&d=mm&r=g\",\"contentUrl\":\"https:\\\/\\\/secure.gravatar.com\\\/avatar\\\/858f80e11d66f9b46da6d476a249fd512f34d340545c106175e60cb8f265c40b?s=96&d=mm&r=g\",\"caption\":\"Patrizia\"}}]}<\/script>\n<!-- \/ Yoast SEO Premium plugin. -->","yoast_head_json":{"title":"Ferragosto in Mailand: Bedeutung, Geschichte & Tipps - Il Centro","description":"Erleben Sie Ferragosto in Mailand: Geschichte, Br\u00e4uche, Events, Museen, Restaurants & Tipps f\u00fcr den 15. August in der Stadt.","robots":{"index":"index","follow":"follow","max-snippet":"max-snippet:-1","max-image-preview":"max-image-preview:large","max-video-preview":"max-video-preview:-1"},"canonical":"https:\/\/ilcentro.net\/de\/ferragosto-in-mailand-bedeutung-geschichte-und-tipps-fuer-den-15-august\/","og_locale":"de_DE","og_type":"article","og_title":"Ferragosto in Mailand: Bedeutung, Geschichte und Tipps f\u00fcr den 15. August","og_description":"Erleben Sie Ferragosto in Mailand: Geschichte, Br\u00e4uche, Events, Museen, Restaurants & Tipps f\u00fcr den 15. August in der Stadt.","og_url":"https:\/\/ilcentro.net\/de\/ferragosto-in-mailand-bedeutung-geschichte-und-tipps-fuer-den-15-august\/","og_site_name":"Italienisch in Italien lernen | Sprachschule und Kurse in Mailand \u2013 Il Centro","article_published_time":"2025-08-14T14:40:33+00:00","og_image":[{"width":585,"height":1024,"url":"https:\/\/mli3dflm07d6.i.optimole.com\/cb:1X0z.189\/w:585\/h:1024\/q:mauto\/f:best\/https:\/\/ilcentro.net\/wp-content\/uploads\/2025\/08\/ferragosto.png","type":"image\/png"}],"author":"Patrizia","twitter_card":"summary_large_image","twitter_misc":{"Verfasst von":"Patrizia","Gesch\u00e4tzte Lesezeit":"3\u00a0Minuten"},"schema":{"@context":"https:\/\/schema.org","@graph":[{"@type":"Article","@id":"https:\/\/ilcentro.net\/de\/ferragosto-in-mailand-bedeutung-geschichte-und-tipps-fuer-den-15-august\/#article","isPartOf":{"@id":"https:\/\/ilcentro.net\/de\/ferragosto-in-mailand-bedeutung-geschichte-und-tipps-fuer-den-15-august\/"},"author":{"name":"Patrizia","@id":"https:\/\/ilcentro.net\/de\/#\/schema\/person\/75e0a785acc7f3778785eac2b298d603"},"headline":"Ferragosto in Mailand: Bedeutung, Geschichte und Tipps f\u00fcr den 15. August","datePublished":"2025-08-14T14:40:33+00:00","mainEntityOfPage":{"@id":"https:\/\/ilcentro.net\/de\/ferragosto-in-mailand-bedeutung-geschichte-und-tipps-fuer-den-15-august\/"},"wordCount":671,"commentCount":0,"publisher":{"@id":"https:\/\/ilcentro.net\/de\/#organization"},"image":{"@id":"https:\/\/ilcentro.net\/de\/ferragosto-in-mailand-bedeutung-geschichte-und-tipps-fuer-den-15-august\/#primaryimage"},"thumbnailUrl":"https:\/\/mli3dflm07d6.i.optimole.com\/cb:1X0z.189\/w:auto\/h:auto\/q:mauto\/f:best\/https:\/\/ilcentro.net\/wp-content\/uploads\/2025\/08\/ferragosto.png","keywords":["Ferragosto in Mailand","Italienisch lernen"],"articleSection":["Unkategorisiert"],"inLanguage":"de","potentialAction":[{"@type":"CommentAction","name":"Comment","target":["https:\/\/ilcentro.net\/de\/ferragosto-in-mailand-bedeutung-geschichte-und-tipps-fuer-den-15-august\/#respond"]}]},{"@type":"WebPage","@id":"https:\/\/ilcentro.net\/de\/ferragosto-in-mailand-bedeutung-geschichte-und-tipps-fuer-den-15-august\/","url":"https:\/\/ilcentro.net\/de\/ferragosto-in-mailand-bedeutung-geschichte-und-tipps-fuer-den-15-august\/","name":"Ferragosto in Mailand: Bedeutung, Geschichte & Tipps - Il Centro","isPartOf":{"@id":"https:\/\/ilcentro.net\/de\/#website"},"primaryImageOfPage":{"@id":"https:\/\/ilcentro.net\/de\/ferragosto-in-mailand-bedeutung-geschichte-und-tipps-fuer-den-15-august\/#primaryimage"},"image":{"@id":"https:\/\/ilcentro.net\/de\/ferragosto-in-mailand-bedeutung-geschichte-und-tipps-fuer-den-15-august\/#primaryimage"},"thumbnailUrl":"https:\/\/mli3dflm07d6.i.optimole.com\/cb:1X0z.189\/w:auto\/h:auto\/q:mauto\/f:best\/https:\/\/ilcentro.net\/wp-content\/uploads\/2025\/08\/ferragosto.png","datePublished":"2025-08-14T14:40:33+00:00","description":"Erleben Sie Ferragosto in Mailand: Geschichte, Br\u00e4uche, Events, Museen, Restaurants & Tipps f\u00fcr den 15. August in der Stadt.","breadcrumb":{"@id":"https:\/\/ilcentro.net\/de\/ferragosto-in-mailand-bedeutung-geschichte-und-tipps-fuer-den-15-august\/#breadcrumb"},"inLanguage":"de","potentialAction":[{"@type":"ReadAction","target":["https:\/\/ilcentro.net\/de\/ferragosto-in-mailand-bedeutung-geschichte-und-tipps-fuer-den-15-august\/"]}]},{"@type":"ImageObject","inLanguage":"de","@id":"https:\/\/ilcentro.net\/de\/ferragosto-in-mailand-bedeutung-geschichte-und-tipps-fuer-den-15-august\/#primaryimage","url":"https:\/\/mli3dflm07d6.i.optimole.com\/cb:1X0z.189\/w:auto\/h:auto\/q:mauto\/f:best\/https:\/\/ilcentro.net\/wp-content\/uploads\/2025\/08\/ferragosto.png","contentUrl":"https:\/\/mli3dflm07d6.i.optimole.com\/cb:1X0z.189\/w:auto\/h:auto\/q:mauto\/f:best\/https:\/\/ilcentro.net\/wp-content\/uploads\/2025\/08\/ferragosto.png","width":832,"height":1456,"caption":"Ferragosto in Mailand: Bedeutung, Geschichte und Tipps f\u00fcr den 15. August"},{"@type":"BreadcrumbList","@id":"https:\/\/ilcentro.net\/de\/ferragosto-in-mailand-bedeutung-geschichte-und-tipps-fuer-den-15-august\/#breadcrumb","itemListElement":[{"@type":"ListItem","position":1,"name":"Home","item":"https:\/\/ilcentro.net\/de\/"},{"@type":"ListItem","position":2,"name":"Ferragosto in Mailand: Bedeutung, Geschichte und Tipps f\u00fcr den 15. August"}]},{"@type":"WebSite","@id":"https:\/\/ilcentro.net\/de\/#website","url":"https:\/\/ilcentro.net\/de\/","name":"Il Centro","description":"Italienischkurse und Sprachschule f\u00fcr Ausl\u00e4nder","publisher":{"@id":"https:\/\/ilcentro.net\/de\/#organization"},"potentialAction":[{"@type":"SearchAction","target":{"@type":"EntryPoint","urlTemplate":"https:\/\/ilcentro.net\/de\/?s={search_term_string}"},"query-input":{"@type":"PropertyValueSpecification","valueRequired":true,"valueName":"search_term_string"}}],"inLanguage":"de"},{"@type":"Organization","@id":"https:\/\/ilcentro.net\/de\/#organization","name":"Il Centro","url":"https:\/\/ilcentro.net\/de\/","logo":{"@type":"ImageObject","inLanguage":"de","@id":"https:\/\/ilcentro.net\/de\/#\/schema\/logo\/image\/","url":"https:\/\/mli3dflm07d6.i.optimole.com\/cb:1X0z.189\/w:auto\/h:auto\/q:mauto\/f:best\/https:\/\/ilcentro.net\/wp-content\/uploads\/2024\/09\/ilcentro_logo-1.jpg","contentUrl":"https:\/\/mli3dflm07d6.i.optimole.com\/cb:1X0z.189\/w:auto\/h:auto\/q:mauto\/f:best\/https:\/\/ilcentro.net\/wp-content\/uploads\/2024\/09\/ilcentro_logo-1.jpg","width":304,"height":118,"caption":"Il Centro"},"image":{"@id":"https:\/\/ilcentro.net\/de\/#\/schema\/logo\/image\/"}},{"@type":"Person","@id":"https:\/\/ilcentro.net\/de\/#\/schema\/person\/75e0a785acc7f3778785eac2b298d603","name":"Patrizia","image":{"@type":"ImageObject","inLanguage":"de","@id":"https:\/\/secure.gravatar.com\/avatar\/858f80e11d66f9b46da6d476a249fd512f34d340545c106175e60cb8f265c40b?s=96&d=mm&r=g","url":"https:\/\/secure.gravatar.com\/avatar\/858f80e11d66f9b46da6d476a249fd512f34d340545c106175e60cb8f265c40b?s=96&d=mm&r=g","contentUrl":"https:\/\/secure.gravatar.com\/avatar\/858f80e11d66f9b46da6d476a249fd512f34d340545c106175e60cb8f265c40b?s=96&d=mm&r=g","caption":"Patrizia"}}]}},"_links":{"self":[{"href":"https:\/\/ilcentro.net\/de\/wp-json\/wp\/v2\/posts\/18546","targetHints":{"allow":["GET"]}}],"collection":[{"href":"https:\/\/ilcentro.net\/de\/wp-json\/wp\/v2\/posts"}],"about":[{"href":"https:\/\/ilcentro.net\/de\/wp-json\/wp\/v2\/types\/post"}],"author":[{"embeddable":true,"href":"https:\/\/ilcentro.net\/de\/wp-json\/wp\/v2\/users\/3"}],"replies":[{"embeddable":true,"href":"https:\/\/ilcentro.net\/de\/wp-json\/wp\/v2\/comments?post=18546"}],"version-history":[{"count":4,"href":"https:\/\/ilcentro.net\/de\/wp-json\/wp\/v2\/posts\/18546\/revisions"}],"predecessor-version":[{"id":18550,"href":"https:\/\/ilcentro.net\/de\/wp-json\/wp\/v2\/posts\/18546\/revisions\/18550"}],"wp:featuredmedia":[{"embeddable":true,"href":"https:\/\/ilcentro.net\/de\/wp-json\/wp\/v2\/media\/18513"}],"wp:attachment":[{"href":"https:\/\/ilcentro.net\/de\/wp-json\/wp\/v2\/media?parent=18546"}],"wp:term":[{"taxonomy":"category","embeddable":true,"href":"https:\/\/ilcentro.net\/de\/wp-json\/wp\/v2\/categories?post=18546"},{"taxonomy":"post_tag","embeddable":true,"href":"https:\/\/ilcentro.net\/de\/wp-json\/wp\/v2\/tags?post=18546"}],"curies":[{"name":"wp","href":"https:\/\/api.w.org\/{rel}","templated":true}]}}